{"id":8337,"date":"2022-09-22T16:22:30","date_gmt":"2022-09-22T19:22:30","guid":{"rendered":"https:\/\/radiobitacora.com.ar\/web\/?p=8337"},"modified":"2022-09-22T16:22:30","modified_gmt":"2022-09-22T19:22:30","slug":"pedro-sa-estamos-replicando-en-la-variada-el-mismo-espiritu-de-la-fiesta-nacional-del-surubi","status":"publish","type":"post","link":"https:\/\/radiobitacora.com.ar\/web\/2022\/09\/22\/pedro-sa-estamos-replicando-en-la-variada-el-mismo-espiritu-de-la-fiesta-nacional-del-surubi\/","title":{"rendered":"PEDRO SA: \u201cESTAMOS REPLICANDO EN LA VARIADA, EL MISMO ESP\u00cdRITU DE LA FIESTA NACIONAL DEL SURUBI\u201d"},"content":{"rendered":"<h3><strong>El presidente de la COMUPE destac\u00f3 los fundamentos del trabajo articulado que realizan con la Comisi\u00f3n Interclubes para potenciar el 26\u00b0 Concurso Argentino de Pesca Variada Embarcada con Devoluci\u00f3n que se realizar\u00e1 este fin de semana en Goya. Recalc\u00f3 que los que se inscriban a la Variada podr\u00e1n inscribirse inmediatamente al concurso del surub\u00ed 2023, con beneficios adicionales.<\/strong><\/h3>\n<p>Desde este sabado 24 de septiembre la <a href=\"http:\/\/co.mu.pe\/\" data-saferedirecturl=\"https:\/\/www.google.com\/url?q=http:\/\/CO.MU.PE&amp;source=gmail&amp;ust=1663952570805000&amp;usg=AOvVaw0QL5iPfeMkcWSDw-13v4Zr\">CO.MU.PE<\/a>. estar\u00e1 en Predio Costa Surub\u00ed para registrar inscripciones al Mundial de pesca 2023, para todos aquellos pescadores inscriptos en el concurso argentino de pesca variada embarcada con devoluci\u00f3n m\u00e1s grande del litoral de nuestro pa\u00eds.<\/p>\n<p>Pedro S\u00e1 coment\u00f3 sus impresiones sobre el acercamiento de la COMUPE a la \u201cPesca Variada\u201d de Goya. Explic\u00f3 los motivos que llevaron a concretar lo que llama \u201cun abrazo\u201d de la COMUPE al Concurso de Pesca Variada.<\/p>\n<p>El presidente de la comisi\u00f3n organizadora de la Fiesta Nacional del Surub\u00ed dijo: \u201cLo que suceder\u00e1 es una acci\u00f3n concreta de la Fiesta del Surub\u00ed hacia la Variada. Invitamos a todos a inscribirse a la Variada. Pueden anotarse hasta el s\u00e1bado (24 de septiembre) a las 21 hs. Quienes lo hagan, podr\u00e1n inscribirse ya a la Fiesta Nacional del Surub\u00ed. Solamente los inscriptos en la Variada. Los que no participen de la Variada tendr\u00e1n que esperar para inscribirse desde octubre a un valor de 65 mil pesos. Inscribirse en la Variada, no solo te garantiza el lugar en el Surub\u00ed 2023 sino que adem\u00e1s con un valor reducido\u201d.<\/p>\n<p><strong>INSCRIPCI\u00d3N PRIVILEGIADA<\/strong><\/p>\n<p>\u201cEsto es una invitaci\u00f3n de devolver el apoyo brindado a la Variada con un acceso preferencial a la Fiesta del Surub\u00ed. No solo tendr\u00e1n prioritariamente su cupo sino que tendr\u00e1n con la inscripci\u00f3n de septiembre, un precio diferencial. Tiene un beneficio directo: sale 60 mil pesos, la inscripci\u00f3n al mundial de pesca 2023. M\u00e1s lo que paguen por la variada\u201d.<\/p>\n<p><strong>COMUPE INSCRIBE<\/strong><\/p>\n<p>Pedro S\u00e1 inform\u00f3 que \u201cLos integrantes de la COMUPE van a estar instalados en el predio Costa Surub\u00ed, en el sector de la Expo Variada. Habr\u00e1 dos puntos de inscripci\u00f3n donde todos los pescadores de Variada van a poder inscribirse al concurso del surub\u00ed, que tiene un valor de 60 mil pesos. Tendr\u00e1n un precio preferencial.\u00a0 El que no cuente con los 60 mil pesos podr\u00e1n pagarlo en ocho cuotas mensuales de 10 mil pesos\u201d.<\/p>\n<p>\u201cVamos a estar acompa\u00f1ando en el predio. Estamos instalados en las oficinas y recibiendo a gente que est\u00e1 llegando desde otra parte del pa\u00eds para participar, los estamos asistiendo. Estamos creando y replicando, en la Variada, el mismo esp\u00edritu que tiene la Fiesta del Surub\u00ed, en esa efervescencia de los d\u00edas previos. Estamos replic\u00e1ndolo en esta edici\u00f3n de la Variada\u201d, remarc\u00f3 Pedro.<\/p>\n<p><strong>ABRAZAR LA VARIADA<\/strong><\/p>\n<p>Pedro S\u00e1 dijo: \u201cLa verdad es que desde hace ya m\u00e1s de dos d\u00e9cadas el Concurso Argentino de Pesca viene despertando inter\u00e9s, en los amigos pescadores y pero por una u otra cuesti\u00f3n que tiene que ver con el tipo de modalidad de pesca; la gran cantidad de concursos que fueron proliferando de caracter\u00edsticas similares y un mont\u00f3n de cuestione organizativas, fue perdiendo terreno, a sus \u201cclientes\u201d y se fueron disipando en otros concursos. Y no fue lo que sucedi\u00f3 con la Fiesta Nacional del Surub\u00ed que jam\u00e1s retrocedi\u00f3. S\u00ed lo hizo fue para tomar impulso\u201d.<\/p>\n<p>S\u00e1 continu\u00f3 diciendo: \u201cDespu\u00e9s de lo sucedido en la \u00faltima Fiesta Nacional del Surub\u00ed, en el 2022, creemos y estamos convencidos desde la COMUPE que la Variada necesita \u201cabrazar\u201d (como lo dijo la Reina Nacional del Surub\u00ed, Mariana Pitt\u00f3n Canaparro) como quien busca respaldo refugio y apoyo. Y nosotros sentimos que desde la COMUPE ten\u00edamos la responsabilidad de darle una vuelta de rosca, que no significa una cuesti\u00f3n de venir a poner dinero, ni inflar ocasionalmente al evento. Es un compromiso de hecho. Con la carga sentimental que tienen nuestros concursos para Goya, ponernos la \u201ccamiseta\u201d, desde el primero al \u00faltimo integrante de la COMUPE. Estamos todos convencidos de que no fue un enunciado ni un t\u00edtulo para los medios, fue solo el corolario de algo que nos surge sinceramente y lo pusimos de manifiesto en todas y cada una de las acciones que se fueron tomando desde ese momento, desde el anuncio hasta la fecha. Estamos en contacto con Elena Daruich, con Horacio Urdir\u00f3, a cargo de la Expo\u201d\u201d.<\/p>\n<p><strong>BENEFICIOS<\/strong><\/p>\n<p>El presidente de la COMUPE precis\u00f3: \u201cEl pescador y participante del concurso de pesca de la Fiesta Nacional del Surub\u00ed ans\u00eda, desde las \u00faltimas ediciones, poder tener su lugar. A\u00f1os atr\u00e1s, la inscripci\u00f3n estaba abierta hasta el mismo viernes, previo al s\u00e1bado del sorteo de zonas. Yo mismo fui testigo de pescadores llegando a las 23.55, casi a las cero horas, para inscribirse, especulaban hasta el \u00faltimo minuto con el clima o se animaron sobre la hora. Eso dej\u00f3 de ser factible desde que la Fiesta comenz\u00f3 a tener un cupo. Pero no es un cupo caprichoso sino porque no hay m\u00e1s lugar. \u00bfPor qu\u00e9 alguien comprar\u00eda hoy una entrada para ver un espect\u00e1culo que se har\u00e1 en marzo del a\u00f1o que viene? Porque hay 400 asientos y no te quer\u00e9s quedar afuera del teatro, por ejemplo. Esto es una fiesta. Donde cada inscripci\u00f3n del mejor asiento, en la mejor platea para participar\u2026donde todos son protagonistas\u201d.<\/p>\n<p>\u201cEl pescador entiende hoy que si no se inscribe a tiempo no va\u00a0 poder contar con este\u00a0 lugar. Nadie te garantiza ese lugar. Solamente vos, pescador, siendo anticipado\u201d, finaliz\u00f3.<\/p>\n","protected":false},"excerpt":{"rendered":"<p>El presidente de la COMUPE destac\u00f3 los fundamentos del trabajo articulado que realizan con la Comisi\u00f3n Interclubes para potenciar el 26\u00b0 Concurso Argentino de Pesca Variada Embarcada con Devoluci\u00f3n que se realizar\u00e1 este fin de semana en Goya. Recalc\u00f3 que los que se inscriban a la Variada podr\u00e1n inscribirse inmediatamente al concurso del surub\u00ed 2023, [&hellip;]<\/p>\n","protected":false},"author":2,"featured_media":8338,"comment_status":"closed","ping_status":"closed","sticky":false,"template":"","format":"standard","meta":{"footnotes":""},"categories":[56],"tags":[],"class_list":{"0":"post-8337","1":"post","2":"type-post","3":"status-publish","4":"format-standard","5":"has-post-thumbnail","7":"category-locales"},"_links":{"self":[{"href":"https:\/\/radiobitacora.com.ar\/web\/wp-json\/wp\/v2\/posts\/8337","targetHints":{"allow":["GET"]}}],"collection":[{"href":"https:\/\/radiobitacora.com.ar\/web\/wp-json\/wp\/v2\/posts"}],"about":[{"href":"https:\/\/radiobitacora.com.ar\/web\/wp-json\/wp\/v2\/types\/post"}],"author":[{"embeddable":true,"href":"https:\/\/radiobitacora.com.ar\/web\/wp-json\/wp\/v2\/users\/2"}],"replies":[{"embeddable":true,"href":"https:\/\/radiobitacora.com.ar\/web\/wp-json\/wp\/v2\/comments?post=8337"}],"version-history":[{"count":0,"href":"https:\/\/radiobitacora.com.ar\/web\/wp-json\/wp\/v2\/posts\/8337\/revisions"}],"wp:featuredmedia":[{"embeddable":true,"href":"https:\/\/radiobitacora.com.ar\/web\/wp-json\/wp\/v2\/media\/8338"}],"wp:attachment":[{"href":"https:\/\/radiobitacora.com.ar\/web\/wp-json\/wp\/v2\/media?parent=8337"}],"wp:term":[{"taxonomy":"category","embeddable":true,"href":"https:\/\/radiobitacora.com.ar\/web\/wp-json\/wp\/v2\/categories?post=8337"},{"taxonomy":"post_tag","embeddable":true,"href":"https:\/\/radiobitacora.com.ar\/web\/wp-json\/wp\/v2\/tags?post=8337"}],"curies":[{"name":"wp","href":"https:\/\/api.w.org\/{rel}","templated":true}]}}