{"id":8340,"date":"2022-09-22T16:25:32","date_gmt":"2022-09-22T19:25:32","guid":{"rendered":"https:\/\/radiobitacora.com.ar\/web\/?p=8340"},"modified":"2022-09-22T16:25:32","modified_gmt":"2022-09-22T19:25:32","slug":"este-viernes-cdi-mama-perla-celebra-sus-50-anos-de-vida","status":"publish","type":"post","link":"https:\/\/radiobitacora.com.ar\/web\/2022\/09\/22\/este-viernes-cdi-mama-perla-celebra-sus-50-anos-de-vida\/","title":{"rendered":"ESTE VIERNES, CDI MAM\u00c1 PERLA CELEBRA SUS 50 A\u00d1OS DE VIDA"},"content":{"rendered":"<h3><strong>El aniversario de la instituci\u00f3n se cumpli\u00f3 el 31 de julio, pero las celebraciones se hab\u00edan postergado para este viernes. Alrededor de 100 chicos asisten a la instituci\u00f3n, con todos los protocolos, en distintos horarios y bajo la conducci\u00f3n de una Comisi\u00f3n Directiva. Recibe la colaboraci\u00f3n de la Municipalidad de Goya y del Gobierno de la Provincia de Corrientes.<\/strong><\/h3>\n<p>El mi\u00e9rcoles a las 19,30 en la Iglesia Catedral se celebr\u00f3 una misa de Acci\u00f3n de Gracias por los 50 a\u00f1os de vida de Mam\u00e1 Perla. Y este viernes, a las 17 horas, se har\u00e1 un sencillo acto formal en el predio de la instituci\u00f3n.<\/p>\n<p>El Centro de Desarrollo Infantil \u201cMam\u00e1 Perla\u201d naci\u00f3 de SURSUM un 31 de julio de 1972 en este espacio que actualmente se encuentra en la avenida Piragine Niveyro 730. Trabaja con ni\u00f1os de 45 d\u00edas a 5 a\u00f1os inclusive, quienes posteriormente pueden acceder al CPD \u201cCreciendo\u201d. Dicha instituci\u00f3n trabaja desde las 7 hasta las 19 horas.<\/p>\n<p>La Directora de Mam\u00e1 Perla, Sandra Ponce comunic\u00f3 que \u201ceste viernes se hace un peque\u00f1o acto m\u00e1s formal donde queremos agasajar a las personas que dejaron sus huellas. Ser\u00e1 un acto para agasajar a los 50 a\u00f1os, que no es poco. Y m\u00e1s que nada para tener presente el trabajo que se viene realizando en estos a\u00f1os y al personal que ha transitado por esta instituci\u00f3n. Hay compa\u00f1eros que ya no est\u00e1n y otras personas que se jubilaron. De hecho soy nueva en esto. Hace doce a\u00f1os que estoy en la instituci\u00f3n, pero a cargo de la direcci\u00f3n, estoy hace tres\u201d.<\/p>\n<p>Sandra Ponce aclar\u00f3 que \u201cel 31 de julio cumpli\u00f3 los 50 a\u00f1os y por razones de que est\u00e1bamos en medio de la realizaci\u00f3n de una obra no pudimos hacer el festejo que quer\u00edamos hacer. Por eso se posterg\u00f3 a este viernes. Pero el pasado 31 de julio \u201chicimos un chocolate con las familias y ni\u00f1os\u201d.<\/p>\n<p>\u201cHoy tenemos abuelas que fueron alumnas y part\u00edcipes. Ha cambiado mucho lo que es la zona perif\u00e9rica donde est\u00e1 Mam\u00e1 Perla y mucho lo que es su nivel social, econ\u00f3mico, cultural\u201d, dijo.<\/p>\n<p><strong>LA INSTITUCI\u00d3N<\/strong><\/p>\n<p>Sandra Ponce coment\u00f3 que \u201cMam\u00e1 Perla est\u00e1 en un predio ubicado en Piragine Niveyro 730. Mam\u00e1 Perla es una ONG que funciona con aproximadamente 100 ni\u00f1os. Trabajamos con ni\u00f1os de 45 d\u00edas hasta cuatro o cinco a\u00f1os. En el predio se encuentra Mam\u00e1 Perla como Creciendo. Lo que hacemos es trabajar con estos ni\u00f1os; ayudamos a la familia. Ese fue, en su momento, el prop\u00f3sito del grupo de mujeres que en 1965, cre\u00f3 a lo que se llam\u00f3 \u201cDo\u00f1a Perla\u201d, anteriormente. La intenci\u00f3n era ayudar a las familias, en forma\u00a0 econ\u00f3mica; social, cultural. Pudimos brindar, en 50 a\u00f1os, un trabajo de contenci\u00f3n, apoyo y alimentaci\u00f3n. Les damos desayuno; almuerzo; merienda; ah\u00ed est\u00e1n contenidos. Antes, a Mam\u00e1 Perla, se la conoc\u00eda como guarder\u00eda. Hoy es un CDI, o sea un Centro de Desarrollo Infantil.\u00a0 Es m\u00e1s un jard\u00edn, tenemos otros prop\u00f3sitos\u201d.<\/p>\n<p>\u201cSursum es una comisi\u00f3n directiva. Sursum es una palabra en lat\u00edn que significa \u201chacia arriba\u201d. Fue creado en su momento por un grupo de mujeres que iniciaron esta instituci\u00f3n que es Mam\u00e1 Perla. Es la primera instituci\u00f3n. Luego est\u00e1 la segunda instituci\u00f3n que es \u201cCreciendo\u201d, que est\u00e1 al lado. All\u00ed van los ni\u00f1os de cuatro o cinco a\u00f1os. Mam\u00e1 Perla\u00a0 es m\u00e1s materna\u201d.<\/p>\n<p>Actualmente, el CDI tiene un convenio de cooperaci\u00f3n con el Gobierno de la Provincia de Corrientes, a trav\u00e9s del Ministerio de Desarrollo Social, por el cual recibe la asistencia de alimentos.<\/p>\n<p>Sandra Ponce precis\u00f3 que \u201cen 1972 se firm\u00f3 un convenio con la Provincia. Por medio de ese convenio, la provincia ayuda econ\u00f3micamente. Aparte, brinda otros programas\u201d, clarific\u00f3.<\/p>\n<p>\u201cTenemos socios que colaboran con el trabajo que se hace en Sursum. Se realiza todo en base al trabajo social, tenemos que mantener personal, si bien tenemos personas que depende de la Provincia, pude conseguir trabajadores del municipio. Pero hay personal que se sostiene con la Cooperadora\u201d, resalt\u00f3 la directiva.<\/p>\n","protected":false},"excerpt":{"rendered":"<p>El aniversario de la instituci\u00f3n se cumpli\u00f3 el 31 de julio, pero las celebraciones se hab\u00edan postergado para este viernes. Alrededor de 100 chicos asisten a la instituci\u00f3n, con todos los protocolos, en distintos horarios y bajo la conducci\u00f3n de una Comisi\u00f3n Directiva. Recibe la colaboraci\u00f3n de la Municipalidad de Goya y del Gobierno de [&hellip;]<\/p>\n","protected":false},"author":2,"featured_media":8341,"comment_status":"closed","ping_status":"closed","sticky":false,"template":"","format":"standard","meta":{"footnotes":""},"categories":[56],"tags":[],"class_list":{"0":"post-8340","1":"post","2":"type-post","3":"status-publish","4":"format-standard","5":"has-post-thumbnail","7":"category-locales"},"_links":{"self":[{"href":"https:\/\/radiobitacora.com.ar\/web\/wp-json\/wp\/v2\/posts\/8340","targetHints":{"allow":["GET"]}}],"collection":[{"href":"https:\/\/radiobitacora.com.ar\/web\/wp-json\/wp\/v2\/posts"}],"about":[{"href":"https:\/\/radiobitacora.com.ar\/web\/wp-json\/wp\/v2\/types\/post"}],"author":[{"embeddable":true,"href":"https:\/\/radiobitacora.com.ar\/web\/wp-json\/wp\/v2\/users\/2"}],"replies":[{"embeddable":true,"href":"https:\/\/radiobitacora.com.ar\/web\/wp-json\/wp\/v2\/comments?post=8340"}],"version-history":[{"count":0,"href":"https:\/\/radiobitacora.com.ar\/web\/wp-json\/wp\/v2\/posts\/8340\/revisions"}],"wp:featuredmedia":[{"embeddable":true,"href":"https:\/\/radiobitacora.com.ar\/web\/wp-json\/wp\/v2\/media\/8341"}],"wp:attachment":[{"href":"https:\/\/radiobitacora.com.ar\/web\/wp-json\/wp\/v2\/media?parent=8340"}],"wp:term":[{"taxonomy":"category","embeddable":true,"href":"https:\/\/radiobitacora.com.ar\/web\/wp-json\/wp\/v2\/categories?post=8340"},{"taxonomy":"post_tag","embeddable":true,"href":"https:\/\/radiobitacora.com.ar\/web\/wp-json\/wp\/v2\/tags?post=8340"}],"curies":[{"name":"wp","href":"https:\/\/api.w.org\/{rel}","templated":true}]}}