{"id":8343,"date":"2022-09-22T16:27:33","date_gmt":"2022-09-22T19:27:33","guid":{"rendered":"https:\/\/radiobitacora.com.ar\/web\/?p=8343"},"modified":"2022-09-22T16:27:33","modified_gmt":"2022-09-22T19:27:33","slug":"26-pesca-variada-embarcada-con-devolucion-arranca-la-venta-de-anticipadas","status":"publish","type":"post","link":"https:\/\/radiobitacora.com.ar\/web\/2022\/09\/22\/26-pesca-variada-embarcada-con-devolucion-arranca-la-venta-de-anticipadas\/","title":{"rendered":"26\u00b0 PESCA VARIADA EMBARCADA CON DEVOLUCI\u00d3N: \u00a1ARRANCA LA VENTA DE ANTICIPADAS!"},"content":{"rendered":"<h3><strong>Este jueves comienza la venta de la primera tanda de anticipadas para el Gran Baile de Elecci\u00f3n de Reina y Boliche toda la noche de este s\u00e1bado 24 en Costa Surub\u00ed<img decoding=\"async\" class=\"emoji\" role=\"img\" draggable=\"false\" src=\"https:\/\/s.w.org\/images\/core\/emoji\/14.0.0\/svg\/203c.svg\" alt=\"\u203c\" \/><\/strong><\/h3>\n<p>La podr\u00e1s adquirir en el Predio Costa Surub\u00ed a partir de las 18 horas.<\/p>\n<p>Se viene la gran fiesta que est\u00e1s esperando y necesitando, no te la pierdas!<\/p>\n<p>Primera tanda $1.000\u00a0<img decoding=\"async\" class=\"emoji\" role=\"img\" draggable=\"false\" src=\"https:\/\/s.w.org\/images\/core\/emoji\/14.0.0\/svg\/203c.svg\" alt=\"\u203c\" \/><\/p>\n","protected":false},"excerpt":{"rendered":"<p>Este jueves comienza la venta de la primera tanda de anticipadas para el Gran Baile de Elecci\u00f3n de Reina y Boliche toda la noche de este s\u00e1bado 24 en Costa Surub\u00ed La podr\u00e1s adquirir en el Predio Costa Surub\u00ed a partir de las 18 horas. Se viene la gran fiesta que est\u00e1s esperando y necesitando, [&hellip;]<\/p>\n","protected":false},"author":2,"featured_media":8344,"comment_status":"closed","ping_status":"closed","sticky":false,"template":"","format":"standard","meta":{"footnotes":""},"categories":[56],"tags":[],"class_list":{"0":"post-8343","1":"post","2":"type-post","3":"status-publish","4":"format-standard","5":"has-post-thumbnail","7":"category-locales"},"_links":{"self":[{"href":"https:\/\/radiobitacora.com.ar\/web\/wp-json\/wp\/v2\/posts\/8343","targetHints":{"allow":["GET"]}}],"collection":[{"href":"https:\/\/radiobitacora.com.ar\/web\/wp-json\/wp\/v2\/posts"}],"about":[{"href":"https:\/\/radiobitacora.com.ar\/web\/wp-json\/wp\/v2\/types\/post"}],"author":[{"embeddable":true,"href":"https:\/\/radiobitacora.com.ar\/web\/wp-json\/wp\/v2\/users\/2"}],"replies":[{"embeddable":true,"href":"https:\/\/radiobitacora.com.ar\/web\/wp-json\/wp\/v2\/comments?post=8343"}],"version-history":[{"count":0,"href":"https:\/\/radiobitacora.com.ar\/web\/wp-json\/wp\/v2\/posts\/8343\/revisions"}],"wp:featuredmedia":[{"embeddable":true,"href":"https:\/\/radiobitacora.com.ar\/web\/wp-json\/wp\/v2\/media\/8344"}],"wp:attachment":[{"href":"https:\/\/radiobitacora.com.ar\/web\/wp-json\/wp\/v2\/media?parent=8343"}],"wp:term":[{"taxonomy":"category","embeddable":true,"href":"https:\/\/radiobitacora.com.ar\/web\/wp-json\/wp\/v2\/categories?post=8343"},{"taxonomy":"post_tag","embeddable":true,"href":"https:\/\/radiobitacora.com.ar\/web\/wp-json\/wp\/v2\/tags?post=8343"}],"curies":[{"name":"wp","href":"https:\/\/api.w.org\/{rel}","templated":true}]}}