{"id":8356,"date":"2022-09-23T07:19:41","date_gmt":"2022-09-23T10:19:41","guid":{"rendered":"https:\/\/radiobitacora.com.ar\/web\/?p=8356"},"modified":"2022-09-23T07:19:41","modified_gmt":"2022-09-23T10:19:41","slug":"fundacion-de-gobernador-ing-valentin-virasoro-corrientes-23-de-septiembre-de-1-926-feliz-96-aniversario","status":"publish","type":"post","link":"https:\/\/radiobitacora.com.ar\/web\/2022\/09\/23\/fundacion-de-gobernador-ing-valentin-virasoro-corrientes-23-de-septiembre-de-1-926-feliz-96-aniversario\/","title":{"rendered":"Fundaci\u00f3n de GOBERNADOR ING. VALENT\u00cdN VIRASORO &#8211; Corrientes 23 de Septiembre de 1.926, Feliz 96\u00b0 Aniversario !!!"},"content":{"rendered":"<div class=\"m8h3af8h l7ghb35v kjdc1dyq kmwttqpk gh25dzvf n3t5jt4f\">\n<div dir=\"auto\">Fue fundada sobre las bases de una estancia ganadera denominada &#8220;Vuelta del Omb\u00fa&#8221;, top\u00f3nimo que se manten\u00eda desde la \u00e9poca de la Compa\u00f1\u00eda de Jes\u00fas (Jesuitas), que se encontraba en el denominado Camino Real que un\u00eda los puertos Hormiguero (actualmente Santo Tom\u00e9) sobre el r\u00edo Uruguay, con Trinchera San Jos\u00e9 (actualmente Posadas), sobre el Paran\u00e1. Por esta ruta transitaban paraguayos y brasile\u00f1os, consistiendo la mayor parte de las mercanc\u00edas en miel de ca\u00f1a, tabaco, mandioca y, sobre todo, yerba mate.<\/div>\n<div dir=\"auto\">Se consolid\u00f3 como villa en 1910, con la inauguraci\u00f3n de la Estaci\u00f3n del Ferrocarril Nordeste Argentino, que cubr\u00eda el servicio desde Monte Caseros a Posadas. Este emplazamiento produjo que nuevos pobladores fueran radic\u00e1ndose en el lugar lentamente.<\/div>\n<div dir=\"auto\">Hacia 1918 ya se hab\u00eda instalado la primera escuela, a la cual se suman en 1922 la comisar\u00eda, el juzgado de paz, la comisi\u00f3n de fomento y el registro civil.<\/div>\n<div dir=\"auto\">El nombre oficial de Gobernador Ingeniero Valent\u00edn Virasoro es asignado el 23 de septiembre de 1926, por Ley N\u00ba 541.<\/div>\n<div dir=\"auto\">En aquel tiempo la actividad productiva del pueblo y de la regi\u00f3n se centraba casi exclusivamente en la ganader\u00eda. No obstante, y merced al pionero V\u00edctor Navajas Centeno, hacia 1924 se inician las primeras explotaciones agr\u00edcolas, especialmente de yerba mate. A pesar de las dificultades, en pocos a\u00f1os instal\u00f3 la industria de elaboraci\u00f3n de este producto, que se comercializ\u00f3 inicialmente con la marca de &#8220;Las Mar\u00edas&#8221;, para pasar a llamarse luego &#8220;Tarag\u00fc\u00ed&#8221;.<\/div>\n<div dir=\"auto\">En la actualidad esta ciudad se caracteriza por un gran movimiento comercial y por la importante cantidad de empresas yerbateras, forestales y ganaderas que se han establecido. Todo esto, junto a la importante actividad cultural y educativa, han hecho de Gobernador Virasoro la localidad de mayor desarrollo econ\u00f3mico y poblacional de la provincia de Corrientes, de acuerdo con los tres \u00faltimos censos nacionales.<\/div>\n<div dir=\"auto\">Virasoro no posee un trazado urbano planeado, ya que fue creciendo a medida del tiempo sin ning\u00fan tipo de control. Por lo tanto en su plano se puede notar que las primeras manzanas loteadas siguen una forma de plano octogonal, pero luego se puede distinguir que la zona urbanizada se extendi\u00f3 siguiendo la Ruta Nacional 14, por lo tanto la forma del plano en esa parte de la ciudad es lineal. Una particularidad muy peculiar que tiene Virasoro, es que la iglesia principal no est\u00e1 en frente de la plaza principal, si no que \u00e9stas dos se encuentran a una cuadra de distancia.<\/div>\n<div dir=\"auto\">Jorge Osvaldo Almeida Barbosa (Voces Correntinas).<\/div>\n<div dir=\"auto\">La localidad de Gobernador Ingeniero (Corredor turistico Jesuitico Guaran\u00ed)<span class=\"fxk3tzhb b2rh1bv3 gh55jysx m8h3af8h ewco64xe kjdc1dyq ms56khn7 bq6c9xl4 eohcrkr5 akh3l2rg\"><img loading=\"lazy\" decoding=\"async\" src=\"https:\/\/static.xx.fbcdn.net\/images\/emoji.php\/v9\/t9e\/1\/16\/27a1.png\" alt=\"\u27a1\ufe0f\" width=\"16\" height=\"16\" \/><\/span> com\u00fanmente abreviada como Gobernador Virasoro, tiene un gran movimiento comercial y una importante cantidad de empresas yerbateras, forestales y ganaderas que se han establecido en la zona, junto a la importante actividad cultural y educativa, que han hecho de Gobernador Virasoro la localidad de mayor desarrollo econ\u00f3mico y poblacional de la provincia de Corrientes. Conocida como la Capital Provincial del matey la amistad, Virasoro es sede del Establecimiento &#8220;Las Mar\u00edas&#8221;, la principal productora nacional de yerba mate, que no s\u00f3lo abastece al comercio local sino que ha logrado conquistar mercados como los de Chile, Estados Unidos, Espa\u00f1a, Hungr\u00eda, Italia, Siria, L\u00edbano, Malasia, Hong Kong, Corea, Rusia y Paraguay. La localidad tambi\u00e9n es reconocida como Capital Nacional del Ceb\u00fa y como Capital Provincial de la Forestoindustria.<\/div>\n<div dir=\"auto\">Algo m\u00e1s de Historia\u2026<\/div>\n<\/div>\n<div class=\"l7ghb35v kjdc1dyq kmwttqpk gh25dzvf jikcssrz n3t5jt4f\">\n<div dir=\"auto\">Sobre Valent\u00edn Virasoro\u2026<\/div>\n<div dir=\"auto\">Corr\u00eda el a\u00f1o 1842 y el 6 de septiembre nac\u00eda en Corrientes Valent\u00edn Virasoro, quien fuera gobernador en 1893 y cuyo nombre lleva la progresista ciudad del nordeste correntino.<\/div>\n<\/div>\n<div class=\"l7ghb35v kjdc1dyq kmwttqpk gh25dzvf jikcssrz n3t5jt4f\">\n<div dir=\"auto\">Naci\u00f3 en la ciudad de Corrientes y fueron sus padres Jos\u00e9 Miguel Virasoro y do\u00f1a Encarnaci\u00f3n Ferr\u00e9. A los cinco a\u00f1os, cuando su padre actuaba como gobernador delegado en la ciudad de Corrientes dado que su hermano Benjam\u00edn, que era el titular, actuaba al frente de las tropas en San Roque, inici\u00f3 sus estudios primarios y los continu\u00f3 en Concepci\u00f3n del Uruguay, traslad\u00e1ndose luego a Buenos Aires donde se recibi\u00f3 de ingeniero agrimensor.<\/div>\n<\/div>\n<div class=\"l7ghb35v kjdc1dyq kmwttqpk gh25dzvf jikcssrz n3t5jt4f\">\n<div dir=\"auto\">No s\u00f3lo actu\u00f3 en el campo pol\u00edtico sino que tambi\u00e9n lo cont\u00f3 la ciencia entre sus destacados exponentes. Actu\u00f3 en las filas del Partido Liberal, ocupando entre 1866 y 1880 diversos cargos: Contador, Presidente del Departamento Topogr\u00e1fico, Oficial Mayor del Ministerio de Gobierno, Diputado, Gobernador en 1893, Ministro de Hacienda en los gobiernos de Baibiene, Justo y Cabral.<\/div>\n<\/div>\n<div class=\"l7ghb35v kjdc1dyq kmwttqpk gh25dzvf jikcssrz n3t5jt4f\">\n<div dir=\"auto\">Actu\u00f3 en el campo period\u00edstico escribiendo en La Esperanza junto a Lisandro Segovia, Miguel Morel, Eudoro D\u00edaz de Vivar, Agust\u00edn P. Justo y otros.<\/div>\n<\/div>\n<div class=\"l7ghb35v kjdc1dyq kmwttqpk gh25dzvf jikcssrz n3t5jt4f\">\n<div dir=\"auto\">En 1886 fue nombrado miembro de la Comisi\u00f3n Argentina de L\u00edmites con el Brasil, y adem\u00e1s de otras importantes misiones, fue convocado por el Canciller Dr. Estanislao Zeballos, a ocupar el cargo de Jefe T\u00e9cnico de la Comisi\u00f3n Demarcadora de L\u00edmites con Chile, ocupando posteriormente la Presidencia.<\/div>\n<\/div>\n<div class=\"l7ghb35v kjdc1dyq kmwttqpk gh25dzvf jikcssrz n3t5jt4f\">\n<div dir=\"auto\">En 1893 fue convocado por el Presidente de la Naci\u00f3n doctor Luis Sa\u00e9nz Pe\u00f1a para integrar su gabinete como Ministro de Relaciones Exteriores, donde cumpli\u00f3 una brillante actuaci\u00f3n. Dej\u00f3 la Canciller\u00eda argentina cuando fue electo gobernador de Corrientes para el per\u00edodo 1893-1897, y fue acompa\u00f1ado como vicegobernador por el coronel Daniel Artaza.<\/div>\n<\/div>\n<div class=\"l7ghb35v kjdc1dyq kmwttqpk gh25dzvf jikcssrz n3t5jt4f\">\n<div dir=\"auto\">Al finalizar su gesti\u00f3n gubernativa fue consagrado Senador Nacional y represent\u00f3 a Corrientes en dos per\u00edodos de nueve a\u00f1os cada uno, desde 1898 hasta 1916.<\/div>\n<\/div>\n<div class=\"l7ghb35v kjdc1dyq kmwttqpk gh25dzvf jikcssrz n3t5jt4f\">\n<div dir=\"auto\">En 1900 la Facultad de ciencias Exactas de la Universidad de Buenos Aires le otorg\u00f3 el diploma de Ingeniero Ge\u00f3grafo. Durante 1912 y 1913 fue presidente de la Convenci\u00f3n Reformadora de la Constituci\u00f3n de Corrientes. Sus \u00faltimos a\u00f1os de vida los dedic\u00f3 a ordenar papeles de su abuelo Pedro Ferr\u00e9, para editar la &#8220;Memoria&#8221; del ilustre pr\u00f3cer correntino.<\/div>\n<\/div>\n<div class=\"l7ghb35v kjdc1dyq kmwttqpk gh25dzvf jikcssrz n3t5jt4f\">\n<div dir=\"auto\">Falleci\u00f3 en Buenos Aires el 18 de julio de 1925. Historias de Raffo.<\/div>\n<\/div>\n","protected":false},"excerpt":{"rendered":"<p>Fue fundada sobre las bases de una estancia ganadera denominada &#8220;Vuelta del Omb\u00fa&#8221;, top\u00f3nimo que se manten\u00eda desde la \u00e9poca de la Compa\u00f1\u00eda de Jes\u00fas (Jesuitas), que se encontraba en el denominado Camino Real que un\u00eda los puertos Hormiguero (actualmente Santo Tom\u00e9) sobre el r\u00edo Uruguay, con Trinchera San Jos\u00e9 (actualmente Posadas), sobre el Paran\u00e1. [&hellip;]<\/p>\n","protected":false},"author":2,"featured_media":8357,"comment_status":"closed","ping_status":"closed","sticky":false,"template":"","format":"standard","meta":{"footnotes":""},"categories":[72],"tags":[],"class_list":{"0":"post-8356","1":"post","2":"type-post","3":"status-publish","4":"format-standard","5":"has-post-thumbnail","7":"category-provinciales"},"_links":{"self":[{"href":"https:\/\/radiobitacora.com.ar\/web\/wp-json\/wp\/v2\/posts\/8356","targetHints":{"allow":["GET"]}}],"collection":[{"href":"https:\/\/radiobitacora.com.ar\/web\/wp-json\/wp\/v2\/posts"}],"about":[{"href":"https:\/\/radiobitacora.com.ar\/web\/wp-json\/wp\/v2\/types\/post"}],"author":[{"embeddable":true,"href":"https:\/\/radiobitacora.com.ar\/web\/wp-json\/wp\/v2\/users\/2"}],"replies":[{"embeddable":true,"href":"https:\/\/radiobitacora.com.ar\/web\/wp-json\/wp\/v2\/comments?post=8356"}],"version-history":[{"count":0,"href":"https:\/\/radiobitacora.com.ar\/web\/wp-json\/wp\/v2\/posts\/8356\/revisions"}],"wp:featuredmedia":[{"embeddable":true,"href":"https:\/\/radiobitacora.com.ar\/web\/wp-json\/wp\/v2\/media\/8357"}],"wp:attachment":[{"href":"https:\/\/radiobitacora.com.ar\/web\/wp-json\/wp\/v2\/media?parent=8356"}],"wp:term":[{"taxonomy":"category","embeddable":true,"href":"https:\/\/radiobitacora.com.ar\/web\/wp-json\/wp\/v2\/categories?post=8356"},{"taxonomy":"post_tag","embeddable":true,"href":"https:\/\/radiobitacora.com.ar\/web\/wp-json\/wp\/v2\/tags?post=8356"}],"curies":[{"name":"wp","href":"https:\/\/api.w.org\/{rel}","templated":true}]}}