{"id":8362,"date":"2022-09-23T07:37:21","date_gmt":"2022-09-23T10:37:21","guid":{"rendered":"https:\/\/radiobitacora.com.ar\/web\/?p=8362"},"modified":"2022-09-23T07:37:21","modified_gmt":"2022-09-23T10:37:21","slug":"manes-los-extremos-fanaticos-impiden-pensar-un-nuevo-pais","status":"publish","type":"post","link":"https:\/\/radiobitacora.com.ar\/web\/2022\/09\/23\/manes-los-extremos-fanaticos-impiden-pensar-un-nuevo-pais\/","title":{"rendered":"Manes: &#8220;Los extremos fan\u00e1ticos impiden pensar un nuevo pa\u00eds&#8221;"},"content":{"rendered":"<p>En los estudios de Radio Dos y \u00e9poca, el diputado nacional de Juntos Por el Cambio, Facundo Manes, se pronunci\u00f3 a favor de impulsar un nuevo contrato social que supere los fanatismos que alimentan la grieta y propuso &#8220;ampliar&#8221; a la coalici\u00f3n opositora &#8220;desde abajo hacia arriba&#8221;, para modificar los paradigmas que llevaron al pa\u00eds a lo que consider\u00f3 un desastre.<\/p>\n<p>El siguiente es un resumen de la entrevista:<\/p>\n<h2>\u00bfPor qu\u00e9 el acto en una plaza y no en otros espacios?<\/h2>\n<p>Elijo espacios p\u00fablicos para estar cerca de la gente. Despu\u00e9s de los actos saludo a uno por uno y me saco fotos. Le pregunto qui\u00e9n es, qu\u00e9 hace, presto atenci\u00f3n, me involucro y cr\u00e9ame que despu\u00e9s de escuchar a mil personas qued\u00e1s muerto, pero me llena de energ\u00eda y adem\u00e1s me da fuerzas para cuando voy a los medios y me preguntan de la coyuntura, de lo que vivimos, pero la sociedad est\u00e1 en otro canal, no necesito encuestas ni focus group para conocer lo que plantea la gente.<\/p>\n<p>Creo que el a\u00f1o que viene se va a votar a favor, hace tiempo que votamos en contra. En el 2015 Cambiemos fue una alianza para ganarle al kirchnerismo, que hab\u00eda que hacerlo para evitar la autocracia porque dec\u00edan que iban por todo. En el 2019 el Frente de Todos fue un acuerdo electoral por encuestas para ganarle a Cambiemos y no ten\u00edan un programa con idea de pa\u00eds y as\u00ed nos va, es un desastre.<\/p>\n<h2>Eso le trae problemas en Juntos por el Cambio, por ejemplo no haber apoyado el juicio pol\u00edtico a Fern\u00e1ndez y no querer los extremos&#8230;<\/h2>\n<p>Me parece una aberraci\u00f3n lo que dijo Alberto Fern\u00e1ndez, lo repudio absolutamente. No podemos tolerar manifestaciones cuasimafiosas de un Presidente pero eso no amerita un juicio pol\u00edtico y la verdad que yo no llegu\u00e9 de una actividad reconfortante prestigiosa como la ciencia y la medicina a la pol\u00edtica y a la C\u00e1mara de diputados, a una actividad desgastante casi violenta como la de hoy. No estoy para nadar con la corriente, vine a nadar en contra de la corriente.<\/p>\n<div class=\"center source m_image\">\n<figure><picture><source srcset=\"https:\/\/www.diarioepoca.com\/content\/bucket\/1\/1251161w624h216c.png.webp\" type=\"image\/webp\" media=\"(min-width: 640px)\" \/><source srcset=\"https:\/\/www.diarioepoca.com\/content\/bucket\/1\/1251161w440h152c.png.webp\" type=\"image\/webp\" media=\"(min-width: 300px)\" \/><source srcset=\"https:\/\/www.diarioepoca.com\/content\/bucket\/1\/1251161w624h216c.png\" media=\"(min-width: 300px)\" \/><img loading=\"lazy\" decoding=\"async\" class=\"pic\" src=\"https:\/\/www.diarioepoca.com\/content\/bucket\/1\/1251161w624h216c.png.webp\" alt=\"\" width=\"624\" height=\"216\" \/><\/picture><\/figure>\n<\/div>\n<h2>Ese es el camino m\u00e1s dif\u00edcil&#8230;<\/h2>\n<p>Es el camino al que me llevan mis convicciones. Creo que la grieta en la que estamos impacta en el riesgo pa\u00eds, en la falta de pol\u00edticas de estado, en la productividad, en no tener confianza en la soluci\u00f3n de la inflaci\u00f3n. Creo que hay que salir por arriba del laberinto y reconozco que de los dos lados hay extremos fan\u00e1ticos que son minor\u00edas intensas que impiden pensar un nuevo pa\u00eds.<\/p>\n<h2>Son las minor\u00edas intensas que gobiernan desde hace a\u00f1os&#8230;<\/h2>\n<p>Son dos minor\u00edas, una en el Frente de Todos y otra en el espacio opositor y as\u00ed nos fue. Tenemos un pa\u00eds con 50% de pobreza. En realidad creo que en Argentina somos todos pobres, tenemos a la mitad de los argentinos con pobreza material que no puede comprar algo para comer esta noche, no pueden saber d\u00f3nde van a dormir sus hijos c\u00f3modamente, pero aunque seamos privilegiados y no tengamos esos problemas, todos somos pobres como sociedad porque vivimos en un ambiente t\u00f3xico, en el cual hemos perdido la posibilidad de so\u00f1ar en grande.<\/p>\n<h2>Pero es necesario que haya coincidencia en puntos b\u00e1sicos entre quienes gobiernan&#8230;<\/h2>\n<p>La coalici\u00f3n a la que pertenecemos va a tener diferentes identidades, pero hubo un avance porque en 2015 era color amarillo y la UCR fue furg\u00f3n de cola. Ahora el radicalismo tiene m\u00e1s de la mitad de los votos a nivel nacional y creo que ser\u00e1 una coalici\u00f3n a la europea y la sociedad va a elegir qui\u00e9n lidera. Aspiro a que el radicalismo lidere y el PRO nos acompa\u00f1e con la \u00e9tica de la responsabilidad con la que acompa\u00f1amos entre 2025 y 2019 sin gobernar.<\/p>\n<div class=\"center source m_image\">\n<figure><picture><source srcset=\"https:\/\/www.diarioepoca.com\/content\/bucket\/2\/1251162w630h369c.png.webp\" type=\"image\/webp\" media=\"(min-width: 640px)\" \/><source srcset=\"https:\/\/www.diarioepoca.com\/content\/bucket\/2\/1251162w440h258c.png.webp\" type=\"image\/webp\" media=\"(min-width: 300px)\" \/><source srcset=\"https:\/\/www.diarioepoca.com\/content\/bucket\/2\/1251162w630h369c.png\" media=\"(min-width: 300px)\" \/><img loading=\"lazy\" decoding=\"async\" class=\"pic\" src=\"https:\/\/www.diarioepoca.com\/content\/bucket\/2\/1251162w630h369c.png.webp\" alt=\"\" width=\"630\" height=\"369\" \/><\/picture><\/figure>\n<\/div>\n<h2>Hay un sistema pol\u00edtico que obliga a ir con la corriente y al que trat\u00f3 de ir en contra no le fue bien&#8230;<\/h2>\n<p>No creo que las f\u00f3rmulas que nos trajeron hasta ac\u00e1 sean las que nos van a llevar al \u00e9xito, porque hasta ac\u00e1 fueron un fracaso. Si bien vengo de fuera de la pol\u00edtica, yo decid\u00ed ingresar al partido de mis valores, que son importantes: la integridad de la dirigencia, las instituciones, el valor de la honestidad sumados a las ideas modernas de la revoluci\u00f3n del conocimiento, de hablarle a los j\u00f3venes, las ideas para frenar el cambio clim\u00e1tico, de que el pa\u00eds tiene que producir m\u00e1s. Ese partido est\u00e1 en una coalici\u00f3n a la que hay que ampliarla, si no hacemos eso nos puede ir mal.<\/p>\n<h2>Hay un problema de falta de federalismo. \u00bfC\u00f3mo se sale del pa\u00eds centralista?<\/h2>\n<p>Creo que la gente va a votar a favor, como ya dije. La elecci\u00f3n que viene va a ser emocional, creo que los argentinos estamos con el alma rota, creo que uno de los temas centrales de la campa\u00f1a del a\u00f1o que viene ser\u00e1 el federalismo. Hace tiempo que tenemos presidentes porte\u00f1os.<\/p>\n<p>El pa\u00eds que viene se construir\u00e1 de abajo para arriba, se va a enfrentar el satus quo que no quiere que cambie nada porque a muchos les va bien mientras al resto le va mal.<\/p>\n<h2>Vemos que hay muchos sectores que juegan a favor de la grieta&#8230;<\/h2>\n<p>Porque parece que eso rinde o mide m\u00e1s. No se puede pensar un pa\u00eds con esos fanatismos y eso excede a la pol\u00edtica. Hay intereses empresariales, medi\u00e1ticos y muchos otros que no quieren que nada cambie.<\/p>\n<h2>\u00bfC\u00f3mo se hace para aislarse de los fan\u00e1ticos que est\u00e1n dentro de Juntos por el Cambio?<\/h2>\n<p>Los vamos a enfrentar en una interna y la sociedad va a elegir. Hay una mayor\u00eda silenciosa, como pas\u00f3 en Chile que vot\u00f3 por el rechazo de la Constituci\u00f3n y ten\u00edas el gobierno haciendo campa\u00f1a para la aprobaci\u00f3n y le dijeron que no. Esa mayor\u00eda no est\u00e1 en los extremos que quiere la prosperidad, la modernidad, la educaci\u00f3n de un pa\u00eds federal y se va a expresar en las urnas.<\/p>\n<div class=\"center source m_image\">\n<figure><picture><source srcset=\"https:\/\/www.diarioepoca.com\/content\/bucket\/4\/1251164w626h362c.png.webp\" type=\"image\/webp\" media=\"(min-width: 640px)\" \/><source srcset=\"https:\/\/www.diarioepoca.com\/content\/bucket\/4\/1251164w440h254c.png.webp\" type=\"image\/webp\" media=\"(min-width: 300px)\" \/><source srcset=\"https:\/\/www.diarioepoca.com\/content\/bucket\/4\/1251164w626h362c.png\" media=\"(min-width: 300px)\" \/><img loading=\"lazy\" decoding=\"async\" class=\"pic\" src=\"https:\/\/www.diarioepoca.com\/content\/bucket\/4\/1251164w626h362c.png.webp\" alt=\"\" width=\"626\" height=\"362\" \/><\/picture><\/figure>\n<\/div>\n<h2>\u00bfY si eliminan las PASO, como proponen sectores del gobierno?<\/h2>\n<p>Ser\u00eda una irresponsabilidad, vamos a estar en contra. No se puede cambiar las reglas de juego casi en el a\u00f1o electoral. Hacerlo en forma mezquina con todas las excusas que ponen con eso del tema del gasto es parte de lo que nos lleva a la decadencia. Vamos a luchar para que no se suspendan las PASO.<\/p>\n<h2>Pero hay mucha gente que piensa que lo urgente va por otro lado con los problemas de la inflaci\u00f3n&#8230;<\/h2>\n<p>Yo ten\u00eda cinco a\u00f1os y me sentaba con mi viejo a ver televisi\u00f3n y se hablaba de inflaci\u00f3n, de la suba del d\u00f3lar, hace 70 a\u00f1os que tenemos esas urgencias y eso es como la fiebre, son s\u00edntomas y la causa de la fiebre, la verdadera enfermedad de la econom\u00eda argentina es la que tenemos que abordar, eso es falta de consenso para generar confianza, falta de pol\u00edticas de estado, la \u00fanica que hay es generar pobreza y mantener la falta de productividad. Argentina no produce lo suficiente para darle bienestar a 48 millones.<\/p>\n<h2>\u00bfQu\u00e9 piensa de la convocatoria del Gobierno?<\/h2>\n<p>S\u00ed, fui uno de los que llamaron desde el Ministerio del Interior junto a el presidente del radicalismo, el senador Lousteau, pero para el di\u00e1logo tenemos el congreso y planteamos que se haga en forma institucional.<\/p>\n<h2>\u00bfEn el Congreso no hay di\u00e1logo?<\/h2>\n<p>Cada vez que entro a la C\u00e1mara de Diputados siento que no vamos a resolver los problemas del pa\u00eds sin empat\u00eda, sin reconocer al otro. Veo que todo el mundo est\u00e1 pensando en ganar una batalla, sacar una ley y creo que no se soluciona esto con parches.<\/p>\n<p>Desde la neurociencia intenta entender todo esto, cuando parecemos el reino del disparate&#8230;<br \/>\nMe salv\u00f3 la neurociencia. Hay intereses personales, hay proyectos personalistas en las presidencias, no de pa\u00eds. Al no tener instituciones fuertes, transparentes, una Justicia no influida por el poder pol\u00edtico, al no tener pol\u00edticas de estado en un pa\u00eds presidencialista, prevalecen esos personalismos.<\/p>\n<h2>\u00bfHace falta un nuevo contrato social?<\/h2>\n<p>S\u00ed. Ese nuevo contrato social debe basarse en lo que genera la econom\u00eda de hoy. Que son los sistemas educativos, cient\u00edficos o tecnol\u00f3gicos y su puesta en valor econ\u00f3mico. Si no entendemos que hay un nuevo paradigma de desarrollo en el mundo y no s\u00f3lo depender de la materia prima, lo cual es muy bueno pero hay que generar tecnolog\u00eda propia y una parte de la econom\u00eda que no dependa s\u00f3lo de la materia prima, si aprovechamos todo eso, nuestros economista aseguran que se puede crecer y duplicar las exportaciones en 10 a\u00f1os.<\/p>\n<h2>\u00bfC\u00f3mo se logra eso con las leyes de especulaci\u00f3n y con un pa\u00eds centralista?<\/h2>\n<p>Lo que necesitamos en Argentina es una revoluci\u00f3n que traiga un nuevo paradigma y que la sociedad comprenda de que, as\u00ed como estamos, no podemos seguir m\u00e1s y si el pueblo lucha el status quo va a entender que se debe cambiar y va a aflojar. Se tiene que construir de abajo para arriba porque un dirigente que llegue a presidente solo, no va a tener el poder cambiar.<\/p>\n<p>Tiene que ser un cambio de \u00e9poca, de mentalidad, en el que todos se sientan parte. Hay que devolver el poder al pueblo, como con la recuperaci\u00f3n de la democracia cuando el status quo ten\u00eda m\u00e1s poder y se pudo frenar a los carapintadas porque la sociedad estaba en la calles. Cuando hab\u00eda un levantamiento carapintada la sociedad sal\u00eda a pedir m\u00e1s democracia.<\/p>\n<p>Yo soy parte de la Uni\u00f3n C\u00edvica Radical que tiene al gobernador, Gustavo Vald\u00e9s, a Gerardo Morales en Jujuy, a Rodolfo Su\u00e1rez en Mendoza, si nos toca llegar a la presidencia como un colectivo, tenemos l\u00edderes que conocen como nadie la problem\u00e1tica federal.<\/p>\n<h2>Hay un acercamiento con Schiaretti&#8230;<\/h2>\n<p>Yo dialogo con todos. Si quiero, a trav\u00e9s de la empat\u00eda reconocer al otro, entender que puede pensar distinto pero puede tener una semilla de verdad. En ese aspecto me fui a tomar un caf\u00e9 con \u00e9l. A m\u00ed me interesa que se ampl\u00ede la alianza en los votantes, no tanto en los dirigentes. Hay algunos l\u00edderes en Cambiemos que piensan que la soluci\u00f3n es una alianza con 70 por ciento en la mesa s\u00f3lo con los dirigentes que a veces no representamos a una sociedad que est\u00e1 enojada, est\u00e1 triste y quiere que suceda algo nuevo.<\/p>\n<h2>\u00bfC\u00f3mo se\u00a0termina con los privilegios de la pol\u00edtica?<\/h2>\n<p>El ajuste no lo tienen que hacer los docentes ni los jubilados, le toca a la pol\u00edtica y a la Justicia hacer el ajuste. Adem\u00e1s, este gobierno -que es un desastre- no lo va a hacer, lamentablemente esos privilegios son reales. Lo vamos a poder hacer s\u00f3lo ganando las elecciones con una mayor\u00eda social y esa mayor\u00eda no se tiene que construir desde los extremos porque te tiran el 70% en contra y as\u00ed no se puede gobernar.<\/p>\n<p>Hay un sector de la poblaci\u00f3n que para ir contra el sistema, termina optando por Javier Milei.<\/p>\n<h2>Categ\u00f3rico rechazo a una alianza con Milei<\/h2>\n<p>Milei representa el enojo de la sociedad con la clase pol\u00edtica pero en la coalici\u00f3n opositora tenemos figuras que no son de la casta, como Carolina Losada o yo. Tambi\u00e9n tenemos gente valiosa y con experiencia. La diferencia es que creemos en la pol\u00edtica.<\/p>\n<h2>Vald\u00e9s es lo que quiero como l\u00edder pol\u00edtico&#8221;<\/h2>\n<p>&#8220;Es un gobernador excepcional. Representa lo que yo quiero como l\u00edder pol\u00edtico&#8221;, respondi\u00f3 el diputado nacional, Facundo Manes, cuando los periodistas le preguntaron: &#8220;\u00bfQu\u00e9 piensa de la proyecci\u00f3n nacional de Gustavo Vald\u00e9s?&#8221;.<\/p>\n<p>El legislador que representa al radicalismo de la provincia de Buenos Aires destac\u00f3 que el Gobernador correntino es una &#8220;persona que tiene una visi\u00f3n federal, experiencia y un frente que incluye a todos&#8221;.<\/p>\n<p>Pero no se qued\u00f3 con los elogios, tambi\u00e9n afirm\u00f3 que &#8220;el ejemplo de Corrientes es un buen modelo para transformar Argentina&#8221; y fundament\u00f3 esa apreciaci\u00f3n en la forma en que se articul\u00f3 la alianza con la que logr\u00f3 la reelecci\u00f3n. &#8220;En la \u00faltima elecci\u00f3n, el frente del gobierno correntino incluy\u00f3 a numerosos sectores, lo que te permite cambiar una provincia y un pa\u00eds&#8221;.<\/p>\n<p>&#8220;Yo aprendo mucho de \u00e9l, me siento parte de un colectivo en el que cada uno tiene algo para dar. Yo lo siento cerca y creo que \u00e9l me siente cerca a m\u00ed. Tambi\u00e9n le tengo afecto personal&#8221;, cerr\u00f3 al respecto.<\/p>\n<h2>\u00bfHar\u00eda una alianza con Milei?<\/h2>\n<p>No, porque creo que no podemos ir en Cambiemos con la misma t\u00e1ctica de antikirchnerismo, sin un proyecto de pa\u00eds.<\/p>\n<p>Creo que tenemos que hacer un acuerdo program\u00e1tico con todos los integrantes de la coalici\u00f3n, sobre el pa\u00eds que queremos y eso no va a coincidir con Milei. Creo que tiene que haber un mercado lo m\u00e1s amplio posible, pero tiene que haber un estado inteligente, din\u00e1mico y flexible que motorice al sector privado en reemplazo del Estado ineficiente y corrupto.<\/p>\n<h2>Vald\u00e9s es lo que quiero como l\u00edder pol\u00edtico&#8221;<\/h2>\n<p>&#8220;Es un gobernador excepcional. Representa lo que yo quiero como l\u00edder pol\u00edtico&#8221;, respondi\u00f3 el diputado nacional, Facundo Manes, cuando los periodistas le preguntaron: &#8220;\u00bfQu\u00e9 piensa de la proyecci\u00f3n nacional de Gustavo Vald\u00e9s?&#8221;.<\/p>\n<p>El legislador que representa al radicalismo de la provincia de Buenos Aires destac\u00f3 que el Gobernador correntino es una &#8220;persona que tiene una visi\u00f3n federal, experiencia y un frente que incluye a todos&#8221;.<\/p>\n<p>Pero no se qued\u00f3 con los elogios, tambi\u00e9n afirm\u00f3 que &#8220;el ejemplo de Corrientes es un buen modelo para transformar Argentina&#8221; y fundament\u00f3 esa apreciaci\u00f3n en la forma en que se articul\u00f3 la alianza con la que logr\u00f3 la reelecci\u00f3n. &#8220;En la \u00faltima elecci\u00f3n, el frente del gobierno correntino incluy\u00f3 a numerosos sectores, lo que te permite cambiar una provincia y un pa\u00eds&#8221;.<\/p>\n<p>&#8220;Yo aprendo mucho de \u00e9l, me siento parte de un colectivo en el que cada uno tiene algo para dar. Yo lo siento cerca y creo que \u00e9l me siente cerca a m\u00ed. Tambi\u00e9n le tengo afecto personal&#8221;, cerr\u00f3 al respecto.<\/p>\n<h2>Plan<\/h2>\n<p>Al hablar de la crisis, Facundo Manes afirm\u00f3: &#8220;Hay que hacer un plan de estabilizaci\u00f3n macroecon\u00f3mica integral, lo que Massa no est\u00e1 haciendo. S\u00f3lo aplica medidas inconexas. No tenemos que conformarnos con bajar la fiebre, debemos hacer como hacemos los m\u00e9dicos que atacamos la fiebre y tambi\u00e9n el problema de salud de fondo, que en el caso de nuestra econom\u00eda es la falta de productividad, confianza y pol\u00edticas de Estado. No podemos seguir discutiendo los s\u00edntomas por otros 50 a\u00f1os&#8221;.<\/p>\n<div class=\"person-desc floatFix\">\n<figure><img decoding=\"async\" src=\"https:\/\/www.diarioepoca.com\/content\/bucket\/5\/1168945w60h60c.jpg.webp\" alt=\"\" \/><\/figure>\n<p><span class=\"name\">Por\u00a0Rub\u00e9n Orlando Gim\u00e9nez<\/span>Redacci\u00f3n de \u00e9poca<\/p>\n<\/div>\n","protected":false},"excerpt":{"rendered":"<p>En los estudios de Radio Dos y \u00e9poca, el diputado nacional de Juntos Por el Cambio, Facundo Manes, se pronunci\u00f3 a favor de impulsar un nuevo contrato social que supere los fanatismos que alimentan la grieta y propuso &#8220;ampliar&#8221; a la coalici\u00f3n opositora &#8220;desde abajo hacia arriba&#8221;, para modificar los paradigmas que llevaron al pa\u00eds [&hellip;]<\/p>\n","protected":false},"author":2,"featured_media":8363,"comment_status":"closed","ping_status":"closed","sticky":false,"template":"","format":"standard","meta":{"footnotes":""},"categories":[79],"tags":[],"class_list":{"0":"post-8362","1":"post","2":"type-post","3":"status-publish","4":"format-standard","5":"has-post-thumbnail","7":"category-politica"},"_links":{"self":[{"href":"https:\/\/radiobitacora.com.ar\/web\/wp-json\/wp\/v2\/posts\/8362","targetHints":{"allow":["GET"]}}],"collection":[{"href":"https:\/\/radiobitacora.com.ar\/web\/wp-json\/wp\/v2\/posts"}],"about":[{"href":"https:\/\/radiobitacora.com.ar\/web\/wp-json\/wp\/v2\/types\/post"}],"author":[{"embeddable":true,"href":"https:\/\/radiobitacora.com.ar\/web\/wp-json\/wp\/v2\/users\/2"}],"replies":[{"embeddable":true,"href":"https:\/\/radiobitacora.com.ar\/web\/wp-json\/wp\/v2\/comments?post=8362"}],"version-history":[{"count":0,"href":"https:\/\/radiobitacora.com.ar\/web\/wp-json\/wp\/v2\/posts\/8362\/revisions"}],"wp:featuredmedia":[{"embeddable":true,"href":"https:\/\/radiobitacora.com.ar\/web\/wp-json\/wp\/v2\/media\/8363"}],"wp:attachment":[{"href":"https:\/\/radiobitacora.com.ar\/web\/wp-json\/wp\/v2\/media?parent=8362"}],"wp:term":[{"taxonomy":"category","embeddable":true,"href":"https:\/\/radiobitacora.com.ar\/web\/wp-json\/wp\/v2\/categories?post=8362"},{"taxonomy":"post_tag","embeddable":true,"href":"https:\/\/radiobitacora.com.ar\/web\/wp-json\/wp\/v2\/tags?post=8362"}],"curies":[{"name":"wp","href":"https:\/\/api.w.org\/{rel}","templated":true}]}}