{"id":8395,"date":"2022-09-24T08:36:09","date_gmt":"2022-09-24T11:36:09","guid":{"rendered":"https:\/\/radiobitacora.com.ar\/web\/?p=8395"},"modified":"2022-09-24T08:36:09","modified_gmt":"2022-09-24T11:36:09","slug":"las-bondades-turisticas-de-corrientes-se-exhibiran-en-la-mayor-vidriera-del-sector-a-nivel-latinoamerica","status":"publish","type":"post","link":"https:\/\/radiobitacora.com.ar\/web\/2022\/09\/24\/las-bondades-turisticas-de-corrientes-se-exhibiran-en-la-mayor-vidriera-del-sector-a-nivel-latinoamerica\/","title":{"rendered":"LAS BONDADES TUR\u00cdSTICAS DE CORRIENTES SE EXHIBIR\u00c1N EN LA MAYOR VIDRIERA DEL SECTOR A NIVEL LATINOAM\u00c9RICA"},"content":{"rendered":"<h3>La Feria Internacional de Turismo de Am\u00e9rica Latina (FIT) tendr\u00e1 lugar del 1 al 4 octubre en La Rural de Palermo \u2013 Ciudad Aut\u00f3noma de Buenos Aires. Un ambiente privilegiado para establecer contactos comerciales con clientes actuales y potenciales, identificar y captar nuevos distribuidores, desarrollar nuevos mercados y conocer las nuevas tendencias. Es un espacio de encuentro que fortalece los v\u00ednculos profesionales, las oportunidades de crecimiento del sector tur\u00edstico, as\u00ed como genera e impulsa las condiciones para la realizaci\u00f3n de m\u00e1s y mejores negocios.<\/h3>\n<p>En este marco la Provincia de Corrientes junto a sus pares de la regi\u00f3n Litoral contar\u00e1n con un stand institucional dentro del pabell\u00f3n nacional. Escenario ideal para la promoci\u00f3n de productos, posicionar destinos, visibilizar la marca tur\u00edstica y por sobre todo marcar presencia en uno de los eventos m\u00e1s convocantes para el trade tur\u00edstico.<\/p>\n<p>El Gobierno provincial, a trav\u00e9s del Ministerio de Turismo, se har\u00e1 presente una vez m\u00e1s en la Feria que, en su edici\u00f3n 2021 reuni\u00f3 a 73 mil visitantes, entre profesionales del sector y p\u00fablico en general. Chamam\u00e9, carnaval, pesca deportiva, ciudad de eventos, turismo religioso e hist\u00f3rico, corredor de las Misiones Jesu\u00edticas Guaran\u00edes vinculada a la Ruta de la Yerba Mate y nuestra gastronom\u00eda con la Red de Cocineros del Iber\u00e1, ser\u00e1n las propuestas correntinas.<img loading=\"lazy\" decoding=\"async\" class=\"size-medium wp-image-25439 alignright lazyloaded\" src=\"https:\/\/883radiociudad.gob.ar\/wp-content\/uploads\/2022\/09\/imagen-95647-300x200.jpg\" sizes=\"auto, (max-width: 300px) 100vw, 300px\" srcset=\"https:\/\/883radiociudad.gob.ar\/wp-content\/uploads\/2022\/09\/imagen-95647-300x200.jpg 300w, https:\/\/883radiociudad.gob.ar\/wp-content\/uploads\/2022\/09\/imagen-95647-1024x684.jpg 1024w, https:\/\/883radiociudad.gob.ar\/wp-content\/uploads\/2022\/09\/imagen-95647-768x513.jpg 768w, https:\/\/883radiociudad.gob.ar\/wp-content\/uploads\/2022\/09\/imagen-95647-1536x1026.jpg 1536w, https:\/\/883radiociudad.gob.ar\/wp-content\/uploads\/2022\/09\/imagen-95647-scaled.jpg 1020w\" alt=\"\" width=\"300\" height=\"200\" data-srcset=\"https:\/\/883radiociudad.gob.ar\/wp-content\/uploads\/2022\/09\/imagen-95647-300x200.jpg 300w, https:\/\/883radiociudad.gob.ar\/wp-content\/uploads\/2022\/09\/imagen-95647-1024x684.jpg 1024w, https:\/\/883radiociudad.gob.ar\/wp-content\/uploads\/2022\/09\/imagen-95647-768x513.jpg 768w, https:\/\/883radiociudad.gob.ar\/wp-content\/uploads\/2022\/09\/imagen-95647-1536x1026.jpg 1536w, https:\/\/883radiociudad.gob.ar\/wp-content\/uploads\/2022\/09\/imagen-95647-scaled.jpg 1020w\" data-src=\"https:\/\/883radiociudad.gob.ar\/wp-content\/uploads\/2022\/09\/imagen-95647-300x200.jpg\" data-sizes=\"(max-width: 300px) 100vw, 300px\" \/><\/p>\n<p><strong>Hay un destino esperando<\/strong><\/p>\n<p>La feria de turismo m\u00e1s importante de Latinoam\u00e9rica abrir\u00e1 sus puertas el s\u00e1bado 1 de octubre, a las 14 horas para ofrecer las mejores opciones y ofertas tur\u00edsticas nacionales e internacionales. Adem\u00e1s, espect\u00e1culos, degustaciones, shows en vivo, juegos y actividades para toda la familia. Ser\u00e1n dos d\u00edas de oportunidades para encontrar el mejor destino, planificar con tiempo sus vacaciones y aprovechar los precios \u00fanicos y promocionales.<\/p>\n<p>S\u00e1bado 1 y domingo 2, el p\u00fablico en general podr\u00e1 disfrutar de 14 a 21 horas. En tanto, las jornadas del lunes 3 y martes 4, de 10 a 19 horas estar\u00e1n destinadas a los profesionales del sector.<\/p>\n","protected":false},"excerpt":{"rendered":"<p>La Feria Internacional de Turismo de Am\u00e9rica Latina (FIT) tendr\u00e1 lugar del 1 al 4 octubre en La Rural de Palermo \u2013 Ciudad Aut\u00f3noma de Buenos Aires. Un ambiente privilegiado para establecer contactos comerciales con clientes actuales y potenciales, identificar y captar nuevos distribuidores, desarrollar nuevos mercados y conocer las nuevas tendencias. Es un espacio [&hellip;]<\/p>\n","protected":false},"author":2,"featured_media":8396,"comment_status":"closed","ping_status":"closed","sticky":false,"template":"","format":"standard","meta":{"footnotes":""},"categories":[73],"tags":[],"class_list":{"0":"post-8395","1":"post","2":"type-post","3":"status-publish","4":"format-standard","5":"has-post-thumbnail","7":"category-turismo"},"_links":{"self":[{"href":"https:\/\/radiobitacora.com.ar\/web\/wp-json\/wp\/v2\/posts\/8395","targetHints":{"allow":["GET"]}}],"collection":[{"href":"https:\/\/radiobitacora.com.ar\/web\/wp-json\/wp\/v2\/posts"}],"about":[{"href":"https:\/\/radiobitacora.com.ar\/web\/wp-json\/wp\/v2\/types\/post"}],"author":[{"embeddable":true,"href":"https:\/\/radiobitacora.com.ar\/web\/wp-json\/wp\/v2\/users\/2"}],"replies":[{"embeddable":true,"href":"https:\/\/radiobitacora.com.ar\/web\/wp-json\/wp\/v2\/comments?post=8395"}],"version-history":[{"count":0,"href":"https:\/\/radiobitacora.com.ar\/web\/wp-json\/wp\/v2\/posts\/8395\/revisions"}],"wp:featuredmedia":[{"embeddable":true,"href":"https:\/\/radiobitacora.com.ar\/web\/wp-json\/wp\/v2\/media\/8396"}],"wp:attachment":[{"href":"https:\/\/radiobitacora.com.ar\/web\/wp-json\/wp\/v2\/media?parent=8395"}],"wp:term":[{"taxonomy":"category","embeddable":true,"href":"https:\/\/radiobitacora.com.ar\/web\/wp-json\/wp\/v2\/categories?post=8395"},{"taxonomy":"post_tag","embeddable":true,"href":"https:\/\/radiobitacora.com.ar\/web\/wp-json\/wp\/v2\/tags?post=8395"}],"curies":[{"name":"wp","href":"https:\/\/api.w.org\/{rel}","templated":true}]}}