{"id":8422,"date":"2022-09-24T09:29:39","date_gmt":"2022-09-24T12:29:39","guid":{"rendered":"https:\/\/radiobitacora.com.ar\/web\/?p=8422"},"modified":"2022-09-24T09:29:39","modified_gmt":"2022-09-24T12:29:39","slug":"argentina-1985-gano-el-premio-del-publico-en-el-festival-de-san-sebastian","status":"publish","type":"post","link":"https:\/\/radiobitacora.com.ar\/web\/2022\/09\/24\/argentina-1985-gano-el-premio-del-publico-en-el-festival-de-san-sebastian\/","title":{"rendered":"&#8220;Argentina, 1985&#8221; gan\u00f3 el premio del p\u00fablico en el Festival de San Sebasti\u00e1n"},"content":{"rendered":"<p>La pel\u00edcula\u00a0<strong>&#8220;Argentina, 1985&#8221;<\/strong>\u00a0obtuvo este s\u00e1bado el\u00a0<strong>&#8220;Premio del P\u00fablico Ciudad de Donostia \/ San Sebasti\u00e1n&#8221;<\/strong>\u00a0que otorgan los asistentes al Festival de Cine de esa ciudad espa\u00f1ola, inform\u00f3 el productor de la cinta Axel Kuschevatzy.<\/p>\n<p>El filme que retrata los pormenores del mundialmente famoso juicio a las juntas militares que durante siete a\u00f1os ejercieron de facto el gobierno en Argentina gan\u00f3 &#8220;el Premio del P\u00fablico del Festival de Cine de San Sebasti\u00e1n con una\u00a0<strong>puntuaci\u00f3n de 9,14 sobre 10<\/strong>\u00a0y casi alcanza el n\u00famero m\u00e1s alto de la historia del Festival!&#8221;, escribi\u00f3 el cin\u00e9filo Kuschevatzky en sus redes sociales.<\/p>\n<p>Y, al destacar la importancia de este reconocimiento expres\u00f3 su agradecimiento &#8220;a todos los espectadores que la votaron y que hacen que Argentina, 1985 se sume a una lista que incluye films como El padre, El Artista, 3 anuncios por un crimen, Diarios de Motocicleta o Peque\u00f1a Miss Sunshine, entre otras&#8221;.<\/p>\n<p><strong>&#8220;Estamos m\u00e1s que felices y emocionados&#8221;<\/strong>, a\u00f1adi\u00f3 el productor.<\/p>\n<p><iframe id=\"instagram-embed-0\" class=\"instagram-media instagram-media-rendered\" src=\"https:\/\/www.instagram.com\/p\/Ci4tOrHu_KP\/embed\/captioned\/?cr=1&amp;v=14&amp;wp=540&amp;rd=https%3A%2F%2Fwww.telam.com.ar&amp;rp=%2Fnotas%2F202209%2F605822-argentina-1985-premio-publico-festival-cine-san-sebastian.html#%7B%22ci%22%3A0%2C%22os%22%3A720.3999999761581%2C%22ls%22%3A204%2C%22le%22%3A514.1999999284744%7D\" height=\"1157\" frameborder=\"0\" scrolling=\"no\" allowfullscreen=\"allowfullscreen\" data-instgrm-payload-id=\"instagram-media-payload-0\" data-mce-fragment=\"1\"><\/iframe><br \/>\nSeg\u00fan el portal del Festival, las pel\u00edculas que participan de la\u00a0<strong>secci\u00f3n Perlak<\/strong>\u00a0son candidatas al Premio del P\u00fablico Ciudad de Donostia \/ San Sebasti\u00e1n, que ser\u00e1 otorgado por los espectadores asistentes a la primera proyecci\u00f3n p\u00fablica de cada pel\u00edcula de dicha secci\u00f3n.<\/p>\n<p>Esa distinci\u00f3n se compone de dos premios diferentes: un 1er Premio a la Mejor Pel\u00edcula, dotado con 50.000 euros, y un 2\u00ba Premio a la Mejor Pel\u00edcula Europea de 20.000 euros, que est\u00e1 destinado al distribuidor de la pel\u00edcula en Espa\u00f1a.<\/p>\n<p>La secci\u00f3n Perlak est\u00e1 compuesta por una selecci\u00f3n de destacados largometrajes del a\u00f1o, in\u00e9ditos en Espa\u00f1a, que han sido aclamados por la cr\u00edtica y\/o premiados en otros festivales internacionales, explica la p\u00e1gina del Festival.<\/p>\n<div class=\"video_repositive\">\n<div id=\"qI1AO5lTEHk\" class=\"video_telam\">\n<div class=\"feature_article_inner\">\n<div class=\"feature_article_title\">\n<h2 class=\"text-center\">Argentina, 1985 &#8211; Tr\u00e1iler Oficial<\/h2>\n<\/div>\n<\/div>\n<div class=\"definition\">VER VIDEO\u00a0<i class=\"fas fa-play\"><\/i><\/div>\n<\/div>\n<\/div>\n<p>&nbsp;<\/p>\n","protected":false},"excerpt":{"rendered":"<p>La pel\u00edcula\u00a0&#8220;Argentina, 1985&#8221;\u00a0obtuvo este s\u00e1bado el\u00a0&#8220;Premio del P\u00fablico Ciudad de Donostia \/ San Sebasti\u00e1n&#8221;\u00a0que otorgan los asistentes al Festival de Cine de esa ciudad espa\u00f1ola, inform\u00f3 el productor de la cinta Axel Kuschevatzy. El filme que retrata los pormenores del mundialmente famoso juicio a las juntas militares que durante siete a\u00f1os ejercieron de facto el [&hellip;]<\/p>\n","protected":false},"author":2,"featured_media":8423,"comment_status":"closed","ping_status":"closed","sticky":false,"template":"","format":"standard","meta":{"footnotes":""},"categories":[67],"tags":[],"class_list":{"0":"post-8422","1":"post","2":"type-post","3":"status-publish","4":"format-standard","5":"has-post-thumbnail","7":"category-espectaculo"},"_links":{"self":[{"href":"https:\/\/radiobitacora.com.ar\/web\/wp-json\/wp\/v2\/posts\/8422","targetHints":{"allow":["GET"]}}],"collection":[{"href":"https:\/\/radiobitacora.com.ar\/web\/wp-json\/wp\/v2\/posts"}],"about":[{"href":"https:\/\/radiobitacora.com.ar\/web\/wp-json\/wp\/v2\/types\/post"}],"author":[{"embeddable":true,"href":"https:\/\/radiobitacora.com.ar\/web\/wp-json\/wp\/v2\/users\/2"}],"replies":[{"embeddable":true,"href":"https:\/\/radiobitacora.com.ar\/web\/wp-json\/wp\/v2\/comments?post=8422"}],"version-history":[{"count":0,"href":"https:\/\/radiobitacora.com.ar\/web\/wp-json\/wp\/v2\/posts\/8422\/revisions"}],"wp:featuredmedia":[{"embeddable":true,"href":"https:\/\/radiobitacora.com.ar\/web\/wp-json\/wp\/v2\/media\/8423"}],"wp:attachment":[{"href":"https:\/\/radiobitacora.com.ar\/web\/wp-json\/wp\/v2\/media?parent=8422"}],"wp:term":[{"taxonomy":"category","embeddable":true,"href":"https:\/\/radiobitacora.com.ar\/web\/wp-json\/wp\/v2\/categories?post=8422"},{"taxonomy":"post_tag","embeddable":true,"href":"https:\/\/radiobitacora.com.ar\/web\/wp-json\/wp\/v2\/tags?post=8422"}],"curies":[{"name":"wp","href":"https:\/\/api.w.org\/{rel}","templated":true}]}}