{"id":8431,"date":"2022-09-24T16:19:09","date_gmt":"2022-09-24T19:19:09","guid":{"rendered":"https:\/\/radiobitacora.com.ar\/web\/?p=8431"},"modified":"2022-09-24T16:19:09","modified_gmt":"2022-09-24T19:19:09","slug":"francisco-pidio-poner-en-discusion-el-modelo-de-desarrollo-de-una-economia-que-mata","status":"publish","type":"post","link":"https:\/\/radiobitacora.com.ar\/web\/2022\/09\/24\/francisco-pidio-poner-en-discusion-el-modelo-de-desarrollo-de-una-economia-que-mata\/","title":{"rendered":"Francisco pidi\u00f3 &#8220;poner en discusi\u00f3n el modelo de desarrollo de una econom\u00eda que mata&#8221;"},"content":{"rendered":"<p>El papa Francisco pidi\u00f3 &#8220;poner en discusi\u00f3n el modelo de desarrollo&#8221; de una &#8220;econom\u00eda que mata&#8221;, al reunirse en la ciudad italiana de As\u00eds con j\u00f3venes de todo el mundo, a los que convoc\u00f3 a construir un proceso de cambio &#8220;con los pobres como protagonistas&#8221;.<\/p>\n<p>&#8220;Hay muchas personas, empresas e instituciones que est\u00e1n haciendo una reconversi\u00f3n ecol\u00f3gica. Debemos continuar por este camino y hacer m\u00e1s. Este &#8220;m\u00e1s&#8221; lo est\u00e1s haciendo y pidiendo a todos. El maquillaje no es suficiente, hay que poner en discusi\u00f3n el modelo de desarrollo&#8221;, plante\u00f3 el pont\u00edfice en su discurso frente a m\u00e1s de mil participantes del encuentro &#8220;Econom\u00eda de Francisco&#8221; que se desarrolla desde el jueves en la ciudad del centro de Italia.<\/p>\n<p>&#8220;Se trata de transformar una econom\u00eda que mata, en una econom\u00eda de la vida en todas sus dimensiones&#8221;, pidi\u00f3 en el marco de lo que caracteriz\u00f3 como &#8220;un momento dif\u00edcil: la crisis medioambiental, luego la pandemia y ahora la guerra de Ucrania y las dem\u00e1s guerras que se vienen dando desde hace a\u00f1os en varios pa\u00edses&#8221;.<\/p>\n<p>Para el Papa, en un mensaje con fuerte contenido social y econ\u00f3mico, &#8220;la situaci\u00f3n es tal que no podemos solo esperar la pr\u00f3xima cumbre internacional: la tierra arde hoy, y es hoy que debemos cambiar, en todos los niveles&#8221;.<\/p>\n<p>&#8220;Luego tenemos que aceptar el principio \u00e9tico universal, que no gusta, de que lo que se da\u00f1a debe ser reparado: si crecimos abusando del planeta y la atm\u00f3sfera, hoy debemos aprender tambi\u00e9n a hacer sacrificios en estilos de vida que todav\u00eda son insostenibles&#8221;, pidi\u00f3 Jorge Bergoglio, en el que fue el primer encuentro presencial del evento lanzado en 2019 y tras ser recibido al canto de &#8220;esta es la juventud del Papa&#8221; por parte de los presentes.<\/p>\n<p>&#8220;De lo contrario, nuestros hijos y nietos deber\u00e1n pagar la factura, una factura que ser\u00e1 demasiado alta e injusta. Se necesita un cambio r\u00e1pido y decidido. \u00a1Cuento con ustedes!&#8221;, anim\u00f3 a los participantes de todo el mundo, entre ellos una delegaci\u00f3n argentina.<\/p>\n<p>Seg\u00fan Francisco, &#8220;la sostenibilidad, entonces, es una realidad multidimensional&#8221; por lo que &#8220;adem\u00e1s del ambiental, tambi\u00e9n existen las dimensiones social, relacional y espiritual&#8221;.<\/p>\n<p>&#8220;La social poco a poco empieza a ser reconocida: nos estamos dando cuenta de que el grito de los pobres y el grito de la tierra son el mismo&#8221;, indic\u00f3, retomando una l\u00ednea de su enc\u00edclica social de 2015 Laudato si.<\/p>\n<p>En ese marco, critic\u00f3 adem\u00e1s las ca\u00eddas en los \u00edndices demogr\u00e1ficos y la asoci\u00f3 a la falta de oportunidades para de promoci\u00f3n de maternidad: &#8220;Apenas les empieza a salir la panza, a las mujeres las echan del trabajo&#8221;, denunci\u00f3.<\/p>\n<p>&#8220;Por eso, cuando trabajamos por la transformaci\u00f3n ecol\u00f3gica, debemos tener en cuenta los efectos que algunas opciones ambientales tienen sobre la pobreza. No todas las soluciones ambientales tienen los mismos efectos en los m\u00e1s pobres y, por lo tanto, debemos preferir las que reducen la miseria y las desigualdades&#8221;, sentenci\u00f3.<\/p>\n<p>En ese marco, el pont\u00edfice convoc\u00f3 a los j\u00f3venes reunidos que &#8220;mientras tratamos de salvar el planeta, no podemos descuidar al hombre y la mujer que sufren&#8221;.<\/p>\n<p>&#8220;La contaminaci\u00f3n que mata no es solo la de di\u00f3xido de carbono, la desigualdad tambi\u00e9n contamina mortalmente nuestro planeta. No podemos permitir que las nuevas calamidades ambientales borren las antiguas calamidades siempre vigentes de la injusticia social&#8221;, sentenci\u00f3.<\/p>\n<p>&#8220;Dir\u00eda m\u00e1s: una econom\u00eda de Francisco no puede limitarse a trabajar para o con los pobres&#8221;, les pidi\u00f3 luego en referencia al evento que, al igual que el pont\u00edfice, toma como referencia al Santo San Francisco de As\u00eds.<\/p>\n<p>&#8220;Mientras nuestro sistema produzca residuos y operemos de acuerdo con este sistema, seremos c\u00f3mplices de una econom\u00eda que mata&#8221;, lament\u00f3 en esa direcci\u00f3n, en medio de un clima de complicidad, con numerosos agregados fuera del discurso escrito y m\u00e1s de diez interrupciones de los j\u00f3venes para ovacionarlo y aplaudirlo.<\/p>\n<p>&#8220;Pregunt\u00e9monos entonces: \u00bfestamos haciendo lo suficiente para cambiar esta econom\u00eda, o nos contentamos con pintar una pared cambiando de color, sin cambiar la estructura de la casa? Quiz\u00e1 la respuesta no est\u00e9 en lo que podemos hacer, sino en c\u00f3mo seamos capaces de abrir nuevos caminos para que los mismos pobres se conviertan en protagonistas de cambio&#8221;, enfatiz\u00f3.<\/p>\n<p>Antes del Papa, uno de los participantes argentinos, Facundo Pascutto, del Proyecto &#8220;Cien As\u00eds&#8221;, hab\u00eda explicado una iniciativa que se impulsa desde la Universidad Nacional de Lomas de Zamora &#8220;a partir del llamado de Su Santidad a repensar una econom\u00eda con rostro humano, que nos interpela y nos moviliza en pos de multiplicar su propuesta&#8221;.<\/p>\n<p>&#8220;Buscamos multiplicar y poner en pr\u00e1ctica la palabra de Francisco a lo largo y a lo ancho de la Argentina realizando &#8220;peque\u00f1os As\u00eds&#8221; en sociedades de fomento, clubes de barrio, sindicatos, universidades, cooperativas, comedores comunitarios, unidades penitenciarias y peque\u00f1as y medianas empresas. El proyecto tiene dos aristas: por un lado brindamos herramientas acad\u00e9micas, formaci\u00f3n profesional, asesoramiento jur\u00eddico y contable a estas instituciones y, por el otro, celebramos un As\u00eds en cada una de ellas&#8221;, explic\u00f3 Pascutto.<\/p>\n<p>&#8220;La econom\u00eda de Francisco&#8221; es un evento lanzado por el Papa en 2019 que desde el jueves recibi\u00f3 a cerca de un millar de j\u00f3venes economistas, empresarios y agentes de cambio, que junto al Papa Francisco buscan un nuevo modelo econ\u00f3mico m\u00e1s inclusivo, humano y que respete la casa com\u00fan.<\/p>\n<p>Durante tres d\u00edas, los j\u00f3venes trabajaron en doce grupos en los que trataron los temas de agricultura y justicia; vida y estilos de vida; vocaci\u00f3n y beneficio; trabajo y cuidado; gesti\u00f3n y don; finanza y humanidad; pol\u00edticas para la felicidad; negocios y paz; la econom\u00eda y la mujer; energ\u00eda y pobreza; empresas en transici\u00f3n y el C02 de la desigualdad.<\/p>\n<p>Esta semana, el Papa ya hab\u00eda afirmado que el paradigma econ\u00f3mico basado en el consumismo &#8220;est\u00e1 viviendo su \u00faltima fase&#8221; aventurando que ser\u00e1 reemplazado por uno fundado sobre &#8220;inclusi\u00f3n, sobriedad, cuidado y bienestar&#8221;.<\/p>\n","protected":false},"excerpt":{"rendered":"<p>El papa Francisco pidi\u00f3 &#8220;poner en discusi\u00f3n el modelo de desarrollo&#8221; de una &#8220;econom\u00eda que mata&#8221;, al reunirse en la ciudad italiana de As\u00eds con j\u00f3venes de todo el mundo, a los que convoc\u00f3 a construir un proceso de cambio &#8220;con los pobres como protagonistas&#8221;. &#8220;Hay muchas personas, empresas e instituciones que est\u00e1n haciendo una [&hellip;]<\/p>\n","protected":false},"author":2,"featured_media":8432,"comment_status":"closed","ping_status":"closed","sticky":false,"template":"","format":"standard","meta":{"footnotes":""},"categories":[86],"tags":[],"class_list":{"0":"post-8431","1":"post","2":"type-post","3":"status-publish","4":"format-standard","5":"has-post-thumbnail","7":"category-sociedad"},"_links":{"self":[{"href":"https:\/\/radiobitacora.com.ar\/web\/wp-json\/wp\/v2\/posts\/8431","targetHints":{"allow":["GET"]}}],"collection":[{"href":"https:\/\/radiobitacora.com.ar\/web\/wp-json\/wp\/v2\/posts"}],"about":[{"href":"https:\/\/radiobitacora.com.ar\/web\/wp-json\/wp\/v2\/types\/post"}],"author":[{"embeddable":true,"href":"https:\/\/radiobitacora.com.ar\/web\/wp-json\/wp\/v2\/users\/2"}],"replies":[{"embeddable":true,"href":"https:\/\/radiobitacora.com.ar\/web\/wp-json\/wp\/v2\/comments?post=8431"}],"version-history":[{"count":0,"href":"https:\/\/radiobitacora.com.ar\/web\/wp-json\/wp\/v2\/posts\/8431\/revisions"}],"wp:featuredmedia":[{"embeddable":true,"href":"https:\/\/radiobitacora.com.ar\/web\/wp-json\/wp\/v2\/media\/8432"}],"wp:attachment":[{"href":"https:\/\/radiobitacora.com.ar\/web\/wp-json\/wp\/v2\/media?parent=8431"}],"wp:term":[{"taxonomy":"category","embeddable":true,"href":"https:\/\/radiobitacora.com.ar\/web\/wp-json\/wp\/v2\/categories?post=8431"},{"taxonomy":"post_tag","embeddable":true,"href":"https:\/\/radiobitacora.com.ar\/web\/wp-json\/wp\/v2\/tags?post=8431"}],"curies":[{"name":"wp","href":"https:\/\/api.w.org\/{rel}","templated":true}]}}