{"id":8458,"date":"2022-09-26T07:41:27","date_gmt":"2022-09-26T10:41:27","guid":{"rendered":"https:\/\/radiobitacora.com.ar\/web\/?p=8458"},"modified":"2022-09-26T07:41:27","modified_gmt":"2022-09-26T10:41:27","slug":"interclubes-comparte-exitos-con-pescadores-empresarios-comerciantes-artesanos-emprendedores-y-publico-en-general","status":"publish","type":"post","link":"https:\/\/radiobitacora.com.ar\/web\/2022\/09\/26\/interclubes-comparte-exitos-con-pescadores-empresarios-comerciantes-artesanos-emprendedores-y-publico-en-general\/","title":{"rendered":"INTERCLUBES COMPARTE \u00c9XITOS CON PESCADORES, EMPRESARIOS, COMERCIANTES, ARTESANOS, EMPRENDEDORES Y P\u00daBLICO EN GENERAL"},"content":{"rendered":"<h3><strong>Una edici\u00f3n de muchas emociones, de gran presencia de pescadores, de barras pesqueras que contribuy\u00f3 al \u00e9xito logrado, afianzando el producto pesca como un gran pilar para la convocatoria a nuestra ciudad y factor de reactivaci\u00f3n de la actividad tur\u00edstica.<\/strong><\/h3>\n<p>Con 193 equipos participantes, con la espera de la consagraci\u00f3n de los ganadores, en la cena clausura de esta edici\u00f3n, la Comisi\u00f3n Interclubes, adem\u00e1s de destacar todo el trabajo del equipo, de la fiscalizaci\u00f3n, de la organizaci\u00f3n de cada aspecto de la fiesta, agradece a los que han decidido elegir el destino Goya, para este fin de semana.<img loading=\"lazy\" decoding=\"async\" class=\"size-medium wp-image-25540 alignright ls-is-cached lazyloaded\" src=\"https:\/\/883radiociudad.gob.ar\/wp-content\/uploads\/2022\/09\/variada-ilustracion-3-300x200.jpg\" sizes=\"auto, (max-width: 300px) 100vw, 300px\" srcset=\"https:\/\/883radiociudad.gob.ar\/wp-content\/uploads\/2022\/09\/variada-ilustracion-3-300x200.jpg 300w, https:\/\/883radiociudad.gob.ar\/wp-content\/uploads\/2022\/09\/variada-ilustracion-3-1024x683.jpg 1024w, https:\/\/883radiociudad.gob.ar\/wp-content\/uploads\/2022\/09\/variada-ilustracion-3-768x512.jpg 768w, https:\/\/883radiociudad.gob.ar\/wp-content\/uploads\/2022\/09\/variada-ilustracion-3-1536x1024.jpg 1536w, https:\/\/883radiociudad.gob.ar\/wp-content\/uploads\/2022\/09\/variada-ilustracion-3-scaled.jpg 1020w\" alt=\"\" width=\"300\" height=\"200\" data-srcset=\"https:\/\/883radiociudad.gob.ar\/wp-content\/uploads\/2022\/09\/variada-ilustracion-3-300x200.jpg 300w, https:\/\/883radiociudad.gob.ar\/wp-content\/uploads\/2022\/09\/variada-ilustracion-3-1024x683.jpg 1024w, https:\/\/883radiociudad.gob.ar\/wp-content\/uploads\/2022\/09\/variada-ilustracion-3-768x512.jpg 768w, https:\/\/883radiociudad.gob.ar\/wp-content\/uploads\/2022\/09\/variada-ilustracion-3-1536x1024.jpg 1536w, https:\/\/883radiociudad.gob.ar\/wp-content\/uploads\/2022\/09\/variada-ilustracion-3-scaled.jpg 1020w\" data-src=\"https:\/\/883radiociudad.gob.ar\/wp-content\/uploads\/2022\/09\/variada-ilustracion-3-300x200.jpg\" data-sizes=\"(max-width: 300px) 100vw, 300px\" \/><\/p>\n<p>A los empresarios, a los comerciantes, a los artesanos, emprendedores que han puesto su presencia, su aporte en los stands desplegados en Costa Surub\u00ed, para convertir en una gran atracci\u00f3n el Paseo de la Familia, a los artistas locales, a la prensa local y for\u00e1nea, a los gobiernos de la Municipalidad y la Provincia y el enorme agradecimiento a las barras pesqueras, protagonista de este concurso y a cada uno de los pescadores for\u00e1neos y locales que con su participaci\u00f3n han dado el respaldo a esta fiesta, a la gran familia de pescadores, el reconocimiento y la Gratitud por permitir este logro en la edici\u00f3n 2022.<\/p>\n<p>Adem\u00e1s, el reconocimiento a las postulantes de cada barra, las felicitaciones a quienes a partir de ahora se convierten en la imagen y voz del Concurso Argentino de Pesca Variada Embarcada en cada cita que concurran, la reina Clara Ram\u00edrez, Virreina Valentina Quiroz y la Embajadora Victoria Mazuchini.<\/p>\n<p><img loading=\"lazy\" decoding=\"async\" class=\"alignnone  wp-image-25541 lazyloaded\" src=\"https:\/\/883radiociudad.gob.ar\/wp-content\/uploads\/2022\/09\/variada-ilustracion-4-300x200.jpg\" sizes=\"auto, (max-width: 272px) 100vw, 272px\" srcset=\"https:\/\/883radiociudad.gob.ar\/wp-content\/uploads\/2022\/09\/variada-ilustracion-4-300x200.jpg 300w, https:\/\/883radiociudad.gob.ar\/wp-content\/uploads\/2022\/09\/variada-ilustracion-4-1024x683.jpg 1024w, https:\/\/883radiociudad.gob.ar\/wp-content\/uploads\/2022\/09\/variada-ilustracion-4-768x512.jpg 768w, https:\/\/883radiociudad.gob.ar\/wp-content\/uploads\/2022\/09\/variada-ilustracion-4-1536x1024.jpg 1536w, https:\/\/883radiociudad.gob.ar\/wp-content\/uploads\/2022\/09\/variada-ilustracion-4-1280x845.jpg 1280w, https:\/\/883radiociudad.gob.ar\/wp-content\/uploads\/2022\/09\/variada-ilustracion-4-scaled.jpg 1020w\" alt=\"\" width=\"272\" height=\"181\" data-srcset=\"https:\/\/883radiociudad.gob.ar\/wp-content\/uploads\/2022\/09\/variada-ilustracion-4-300x200.jpg 300w, https:\/\/883radiociudad.gob.ar\/wp-content\/uploads\/2022\/09\/variada-ilustracion-4-1024x683.jpg 1024w, https:\/\/883radiociudad.gob.ar\/wp-content\/uploads\/2022\/09\/variada-ilustracion-4-768x512.jpg 768w, https:\/\/883radiociudad.gob.ar\/wp-content\/uploads\/2022\/09\/variada-ilustracion-4-1536x1024.jpg 1536w, https:\/\/883radiociudad.gob.ar\/wp-content\/uploads\/2022\/09\/variada-ilustracion-4-1280x845.jpg 1280w, https:\/\/883radiociudad.gob.ar\/wp-content\/uploads\/2022\/09\/variada-ilustracion-4-scaled.jpg 1020w\" data-src=\"https:\/\/883radiociudad.gob.ar\/wp-content\/uploads\/2022\/09\/variada-ilustracion-4-300x200.jpg\" data-sizes=\"(max-width: 272px) 100vw, 272px\" \/>\u00a0<img loading=\"lazy\" decoding=\"async\" class=\"alignnone  wp-image-25542 lazyloaded\" src=\"https:\/\/883radiociudad.gob.ar\/wp-content\/uploads\/2022\/09\/variada-ilustracion-5-300x200.jpg\" sizes=\"auto, (max-width: 267px) 100vw, 267px\" srcset=\"https:\/\/883radiociudad.gob.ar\/wp-content\/uploads\/2022\/09\/variada-ilustracion-5-300x200.jpg 300w, https:\/\/883radiociudad.gob.ar\/wp-content\/uploads\/2022\/09\/variada-ilustracion-5-1024x683.jpg 1024w, https:\/\/883radiociudad.gob.ar\/wp-content\/uploads\/2022\/09\/variada-ilustracion-5-768x512.jpg 768w, https:\/\/883radiociudad.gob.ar\/wp-content\/uploads\/2022\/09\/variada-ilustracion-5-1536x1024.jpg 1536w, https:\/\/883radiociudad.gob.ar\/wp-content\/uploads\/2022\/09\/variada-ilustracion-5-scaled.jpg 1020w\" alt=\"\" width=\"267\" height=\"178\" data-srcset=\"https:\/\/883radiociudad.gob.ar\/wp-content\/uploads\/2022\/09\/variada-ilustracion-5-300x200.jpg 300w, https:\/\/883radiociudad.gob.ar\/wp-content\/uploads\/2022\/09\/variada-ilustracion-5-1024x683.jpg 1024w, https:\/\/883radiociudad.gob.ar\/wp-content\/uploads\/2022\/09\/variada-ilustracion-5-768x512.jpg 768w, https:\/\/883radiociudad.gob.ar\/wp-content\/uploads\/2022\/09\/variada-ilustracion-5-1536x1024.jpg 1536w, https:\/\/883radiociudad.gob.ar\/wp-content\/uploads\/2022\/09\/variada-ilustracion-5-scaled.jpg 1020w\" data-src=\"https:\/\/883radiociudad.gob.ar\/wp-content\/uploads\/2022\/09\/variada-ilustracion-5-300x200.jpg\" data-sizes=\"(max-width: 267px) 100vw, 267px\" \/><\/p>\n<div class=\"at-below-post addthis_tool\" data-url=\"https:\/\/883radiociudad.gob.ar\/interclubes-comparte-exitos-con-pescadores-empresarios-comerciantes-artesanos-emprendedores-y-publico-en-general\/\"><\/div>\n<div class=\"post-item-metadata entry-meta\"><\/div>\n<nav class=\"navigation post-navigation\" aria-label=\"Continue Reading\">\n<h2 class=\"screen-reader-text\">Continue Reading<\/h2>\n<div class=\"nav-links\">\n<div class=\"nav-previous\"><\/div>\n<\/div>\n<\/nav>\n","protected":false},"excerpt":{"rendered":"<p>Una edici\u00f3n de muchas emociones, de gran presencia de pescadores, de barras pesqueras que contribuy\u00f3 al \u00e9xito logrado, afianzando el producto pesca como un gran pilar para la convocatoria a nuestra ciudad y factor de reactivaci\u00f3n de la actividad tur\u00edstica. Con 193 equipos participantes, con la espera de la consagraci\u00f3n de los ganadores, en la [&hellip;]<\/p>\n","protected":false},"author":2,"featured_media":8459,"comment_status":"closed","ping_status":"closed","sticky":false,"template":"","format":"standard","meta":{"footnotes":""},"categories":[56],"tags":[],"class_list":{"0":"post-8458","1":"post","2":"type-post","3":"status-publish","4":"format-standard","5":"has-post-thumbnail","7":"category-locales"},"_links":{"self":[{"href":"https:\/\/radiobitacora.com.ar\/web\/wp-json\/wp\/v2\/posts\/8458","targetHints":{"allow":["GET"]}}],"collection":[{"href":"https:\/\/radiobitacora.com.ar\/web\/wp-json\/wp\/v2\/posts"}],"about":[{"href":"https:\/\/radiobitacora.com.ar\/web\/wp-json\/wp\/v2\/types\/post"}],"author":[{"embeddable":true,"href":"https:\/\/radiobitacora.com.ar\/web\/wp-json\/wp\/v2\/users\/2"}],"replies":[{"embeddable":true,"href":"https:\/\/radiobitacora.com.ar\/web\/wp-json\/wp\/v2\/comments?post=8458"}],"version-history":[{"count":0,"href":"https:\/\/radiobitacora.com.ar\/web\/wp-json\/wp\/v2\/posts\/8458\/revisions"}],"wp:featuredmedia":[{"embeddable":true,"href":"https:\/\/radiobitacora.com.ar\/web\/wp-json\/wp\/v2\/media\/8459"}],"wp:attachment":[{"href":"https:\/\/radiobitacora.com.ar\/web\/wp-json\/wp\/v2\/media?parent=8458"}],"wp:term":[{"taxonomy":"category","embeddable":true,"href":"https:\/\/radiobitacora.com.ar\/web\/wp-json\/wp\/v2\/categories?post=8458"},{"taxonomy":"post_tag","embeddable":true,"href":"https:\/\/radiobitacora.com.ar\/web\/wp-json\/wp\/v2\/tags?post=8458"}],"curies":[{"name":"wp","href":"https:\/\/api.w.org\/{rel}","templated":true}]}}