{"id":8493,"date":"2022-09-26T08:34:16","date_gmt":"2022-09-26T11:34:16","guid":{"rendered":"https:\/\/radiobitacora.com.ar\/web\/?p=8493"},"modified":"2022-09-26T08:34:16","modified_gmt":"2022-09-26T11:34:16","slug":"el-picante-comentario-de-tamara-baez-contra-wanda-nara-por-l-gante","status":"publish","type":"post","link":"https:\/\/radiobitacora.com.ar\/web\/2022\/09\/26\/el-picante-comentario-de-tamara-baez-contra-wanda-nara-por-l-gante\/","title":{"rendered":"El picante comentario de Tamara B\u00e1ez contra Wanda Nara por L-Gante"},"content":{"rendered":"<article class=\"article-body article-body--first-paragraph\"><strong>Hace apenas tres d\u00edas que\u00a0<a href=\"https:\/\/www.c5n.com\/espectaculos\/wanda-nara-confirmo-que-se-separo-oficialmente-mauro-icardi-todos-los-detalles-n27013\" target=\"_blank\" rel=\"follow noopener\">Wanda Nara confirm\u00f3 su separaci\u00f3n de Mauro Icardi<\/a>\u00a0y ya est\u00e1 envuelta en rumores de un nuevo romance.<\/strong>\u00a0El elegido ser\u00eda nada m\u00e1s y nada menos que L-Gante, una versi\u00f3n que cobra todav\u00eda m\u00e1s fuerza despu\u00e9s de que su expareja\u00a0<strong>Tamara Baez realiz\u00f3 picantes comentarios contra Wanda.<\/strong><\/p>\n<\/article>\n<article class=\"article-body article-body--first-paragraph\">Este s\u00e1bado la empresaria y el cantante de cumbia realizaron una publicaci\u00f3n conjunta en sus cuentas de Instagram donde se los puede ver posando muy cerca para una sesi\u00f3n de fotos. &#8220;Coming soon 2022-2023&#8221;, agregaron para anunciar la nueva l\u00ednea de ropa deportiva que llevar\u00e1 el nombre de Wanda Sport.<\/p>\n<\/article>\n<article class=\"article-body article-body--first-paragraph\">El esc\u00e1ndalo se desat\u00f3 cuando hicieron una transmisi\u00f3n en vivo desde la cuenta de Kennys Palacios, peluquero y amigo de Nara. En medio de las preguntas de sus fans, que quer\u00edan saber si era cierto que compartieron una salida en un boliche,\u00a0<strong>se destacaron los comentarios desde la cuenta oficial de Instagram de Tamara Baez.<\/strong><\/p>\n<div id=\"embed59_wrap\" class=\"embed_cont type_freetext\" contenteditable=\"false\">\n<div id=\"embed59_content\" class=\"embed_content\">\n<div id=\"embed59_embed\"><iframe id=\"instagram-embed-0\" class=\"instagram-media instagram-media-rendered\" src=\"https:\/\/www.instagram.com\/reel\/Ci5yHxvgAks\/embed\/captioned\/?cr=1&amp;v=14&amp;wp=540&amp;rd=https%3A%2F%2Fwww.c5n.com&amp;rp=%2Fespectaculos%2Fel-picante-comentario-tamara-baez-contra-wanda-nara-l-gante-n27202#%7B%22ci%22%3A0%2C%22os%22%3A24007.5%2C%22ls%22%3A23712.399999976158%2C%22le%22%3A23998.600000023842%7D\" height=\"986\" frameborder=\"0\" scrolling=\"no\" allowfullscreen=\"allowfullscreen\" data-instgrm-payload-id=\"instagram-media-payload-0\" data-mce-fragment=\"1\"><\/iframe><\/div>\n<\/div>\n<\/div>\n<p>Las capturas fueron registradas por la cuenta @gossipeame, que sigui\u00f3 el minuto a minuto del intercambio. &#8220;Se pic\u00f3 Tami en el vivo de Wanda con L-Gante, no s\u00e9 qu\u00e9 pas\u00f3&#8221;, inform\u00f3. En la foto puede verse el comentario que dej\u00f3 la ex del cantante.<\/p>\n<p><strong>&#8220;Qu\u00e9 buena onda Wanda que ten\u00e9s. \u00bfEsas se\u00f1as que hiciste te acord\u00e1s que te las hac\u00edan a vos por la China? Cara dura, ni respeto&#8221;,<\/strong>\u00a0escribi\u00f3 Tamara muy ir\u00f3nica. Enseguida otros seguidores que hab\u00edan visto el vivo pusieron en contexto la situaci\u00f3n.<\/p>\n<div id=\"36630-Libre-765975536_wrap\" class=\"embed_cont type_imagen\" contenteditable=\"false\">\n<div id=\"36630-Libre-765975536_content\" class=\"embed_content\"><img decoding=\"async\" id=\"36630-Libre-765975536_embed\" src=\"https:\/\/media.c5n.com\/p\/d833ee040c9d8f6bfe068b476836cd57\/adjuntos\/326\/imagenes\/000\/055\/0000055175\/790x0\/smart\/historia-comentario-tamara-baez.png\" alt=\"\" width=\"790\" height=\"\" data-td-src-property=\"https:\/\/media.c5n.com\/p\/d833ee040c9d8f6bfe068b476836cd57\/adjuntos\/326\/imagenes\/000\/055\/0000055175\/790x0\/smart\/historia-comentario-tamara-baez.png\" \/><\/div>\n<div id=\"36630-Libre-765975536_copyright\" class=\"embed_copyright\">Instagram @gossipeame<\/div>\n<\/div>\n<p><strong>&#8220;Wanda empez\u00f3 a poner en plano s\u00f3lo sus manos y parec\u00eda estar haciendo gesto de cuernos. En un momento que le\u00edan a la gente Wanda lee algo de &#8216;gorreada&#8217;, y dice: &#8216;Yo no, porque no tengo pareja'&#8221;,<\/strong>\u00a0aclar\u00f3 una persona que sigui\u00f3 la transmisi\u00f3n.<\/p>\n<p>Al ver el comentario de Tamara, Kennys Palacios aclar\u00f3 que Wanda y L-Gante s\u00f3lo eran amigos, pero ya era tarde. El chat se llen\u00f3 de comentarios apoyando a Baez, por lo que el peluquero anunci\u00f3 que terminaba el vivo y que se iba a dormir.<\/p>\n<p><strong>&#8220;Dej\u00e1 de aclarar, Kennys, que oscurec\u00e9s. Jajaja, and\u00e1 a dormir, s\u00ed, s\u00ed, besoooo&#8221;,<\/strong>\u00a0le escribi\u00f3 la mam\u00e1 de Jamaica. \u00bfSe confirma la relaci\u00f3n de Wanda Nara y L-Gante?<\/p>\n<\/article>\n","protected":false},"excerpt":{"rendered":"<p>Hace apenas tres d\u00edas que\u00a0Wanda Nara confirm\u00f3 su separaci\u00f3n de Mauro Icardi\u00a0y ya est\u00e1 envuelta en rumores de un nuevo romance.\u00a0El elegido ser\u00eda nada m\u00e1s y nada menos que L-Gante, una versi\u00f3n que cobra todav\u00eda m\u00e1s fuerza despu\u00e9s de que su expareja\u00a0Tamara Baez realiz\u00f3 picantes comentarios contra Wanda. Este s\u00e1bado la empresaria y el cantante [&hellip;]<\/p>\n","protected":false},"author":2,"featured_media":8494,"comment_status":"closed","ping_status":"closed","sticky":false,"template":"","format":"standard","meta":{"footnotes":""},"categories":[67],"tags":[],"class_list":{"0":"post-8493","1":"post","2":"type-post","3":"status-publish","4":"format-standard","5":"has-post-thumbnail","7":"category-espectaculo"},"_links":{"self":[{"href":"https:\/\/radiobitacora.com.ar\/web\/wp-json\/wp\/v2\/posts\/8493","targetHints":{"allow":["GET"]}}],"collection":[{"href":"https:\/\/radiobitacora.com.ar\/web\/wp-json\/wp\/v2\/posts"}],"about":[{"href":"https:\/\/radiobitacora.com.ar\/web\/wp-json\/wp\/v2\/types\/post"}],"author":[{"embeddable":true,"href":"https:\/\/radiobitacora.com.ar\/web\/wp-json\/wp\/v2\/users\/2"}],"replies":[{"embeddable":true,"href":"https:\/\/radiobitacora.com.ar\/web\/wp-json\/wp\/v2\/comments?post=8493"}],"version-history":[{"count":0,"href":"https:\/\/radiobitacora.com.ar\/web\/wp-json\/wp\/v2\/posts\/8493\/revisions"}],"wp:featuredmedia":[{"embeddable":true,"href":"https:\/\/radiobitacora.com.ar\/web\/wp-json\/wp\/v2\/media\/8494"}],"wp:attachment":[{"href":"https:\/\/radiobitacora.com.ar\/web\/wp-json\/wp\/v2\/media?parent=8493"}],"wp:term":[{"taxonomy":"category","embeddable":true,"href":"https:\/\/radiobitacora.com.ar\/web\/wp-json\/wp\/v2\/categories?post=8493"},{"taxonomy":"post_tag","embeddable":true,"href":"https:\/\/radiobitacora.com.ar\/web\/wp-json\/wp\/v2\/tags?post=8493"}],"curies":[{"name":"wp","href":"https:\/\/api.w.org\/{rel}","templated":true}]}}