{"id":8499,"date":"2022-09-26T18:13:18","date_gmt":"2022-09-26T21:13:18","guid":{"rendered":"https:\/\/radiobitacora.com.ar\/web\/?p=8499"},"modified":"2022-09-26T18:13:18","modified_gmt":"2022-09-26T21:13:18","slug":"informe-ina-comportamiento-semanal-de-los-rios-parana-y-uruguay","status":"publish","type":"post","link":"https:\/\/radiobitacora.com.ar\/web\/2022\/09\/26\/informe-ina-comportamiento-semanal-de-los-rios-parana-y-uruguay\/","title":{"rendered":"INFORME INA: COMPORTAMIENTO SEMANAL DE LOS R\u00cdOS PARAN\u00c1 Y URUGUAY"},"content":{"rendered":"<h3>Los niveles en el r\u00edo Paran\u00e1 continuar\u00edan en la franja de aguas bajas, en el r\u00edo Uruguay, cuenca media, leve mejora en el cuadro de lluvias, se\u00f1ala el informe semanal del Instituto Nacional del Agua (INA) publicado por el Instituto Correntino del Agua y del Ambiente (ICAA) en su sitio web\u00a0<a href=\"https:\/\/4ue34.r.ag.d.sendibm3.com\/mk\/cl\/f\/gQTfK7rl5A02SRj2iRjtacihNK09-bvy5G61fXIlPDDKXPbcb-5I4D-dFHUVr5aivme1cnw0klKThNpeuQsTnJXUBukI9DP-YErrteYOgjO8nA0W1I8KkVnlyOpbDymW1UtbGKjcQz38Ym3rplIItENnmN1cUFZvQE58xRw0QfyhkNVA8UMHSO0c0ZC550gblZH9WOiAS4owHkFeqpbIWRc1pnnBE_eXpkTcaL0xJT8oYASM53GDU49x_mZNeOq5pUqUdulIrjTu2jD_cquW5flSwS_ouzbeoHN34C3Ith9oZuw3MEuNkAQYCpGtwjZhAZUQ0kZ5QOgfihQ8pRdgUjA0nQoLZExfaxw\" target=\"_blank\" rel=\"noopener\" data-saferedirecturl=\"https:\/\/www.google.com\/url?q=https:\/\/4ue34.r.ag.d.sendibm3.com\/mk\/cl\/f\/gQTfK7rl5A02SRj2iRjtacihNK09-bvy5G61fXIlPDDKXPbcb-5I4D-dFHUVr5aivme1cnw0klKThNpeuQsTnJXUBukI9DP-YErrteYOgjO8nA0W1I8KkVnlyOpbDymW1UtbGKjcQz38Ym3rplIItENnmN1cUFZvQE58xRw0QfyhkNVA8UMHSO0c0ZC550gblZH9WOiAS4owHkFeqpbIWRc1pnnBE_eXpkTcaL0xJT8oYASM53GDU49x_mZNeOq5pUqUdulIrjTu2jD_cquW5flSwS_ouzbeoHN34C3Ith9oZuw3MEuNkAQYCpGtwjZhAZUQ0kZ5QOgfihQ8pRdgUjA0nQoLZExfaxw&amp;source=gmail&amp;ust=1664303891338000&amp;usg=AOvVaw2aWq9JpmU2CkrpDg6sFhkE\">www.icaa.gov.ar<\/a><\/h3>\n<p>El r\u00edo Paran\u00e1 en territorio argentino, registr\u00f3 otra semana con escasas lluvias. Bajo aporte de los r\u00edos afluentes. Domin\u00f3 una leve tendencia ascendente. No se registrar\u00eda una tendencia definida en la pr\u00f3xima semana. Los niveles continuar\u00e1n en la franja de oscilaci\u00f3n en aguas bajas. En Goya el nivel se aproxim\u00f3 a los 2,00 metros el 20 de septiembre, quedando oscilante por debajo de esa referencia. Promedi\u00f3 en la semana 1,79 metros (0,15 metros de ascenso promedio semanal). Promediar\u00eda en septiembre 1,80 metros (1,28 metros por debajo de lo normal).<\/p>\n<p>En la cuenca media del R\u00edo Uruguay, muy leve mejora en el cuadro de lluvias. El aporte en ruta a todo el tramo medio del r\u00edo se ubica en un valor del orden de 1.000 metros c\u00fabicos por segundo. En Paso de los Libres el nivel se mantiene oscilante sin tendencia definida, registrando hoy 2,18 metros, manteni\u00e9ndose en aguas medias (0,21 metros de descenso semanal).<\/p>\n<p>El caudal promedi\u00f3 en la semana 2.120 metros c\u00fabicos por segundo. Es un 26% menos que en la semana anterior y del orden de la tercera parte del promedio en igual semana de 2021). La tendencia clim\u00e1tica indica predominio de lluvias inferiores a las normales a normales en el trimestre al 30 de noviembre 2022 sobre la cuenca media y alta. Se mantendr\u00e1 la atenci\u00f3n especialmente en los eventos de corto plazo.<\/p>\n","protected":false},"excerpt":{"rendered":"<p>Los niveles en el r\u00edo Paran\u00e1 continuar\u00edan en la franja de aguas bajas, en el r\u00edo Uruguay, cuenca media, leve mejora en el cuadro de lluvias, se\u00f1ala el informe semanal del Instituto Nacional del Agua (INA) publicado por el Instituto Correntino del Agua y del Ambiente (ICAA) en su sitio web\u00a0www.icaa.gov.ar El r\u00edo Paran\u00e1 en [&hellip;]<\/p>\n","protected":false},"author":2,"featured_media":8500,"comment_status":"closed","ping_status":"closed","sticky":false,"template":"","format":"standard","meta":{"footnotes":""},"categories":[56],"tags":[],"class_list":{"0":"post-8499","1":"post","2":"type-post","3":"status-publish","4":"format-standard","5":"has-post-thumbnail","7":"category-locales"},"_links":{"self":[{"href":"https:\/\/radiobitacora.com.ar\/web\/wp-json\/wp\/v2\/posts\/8499","targetHints":{"allow":["GET"]}}],"collection":[{"href":"https:\/\/radiobitacora.com.ar\/web\/wp-json\/wp\/v2\/posts"}],"about":[{"href":"https:\/\/radiobitacora.com.ar\/web\/wp-json\/wp\/v2\/types\/post"}],"author":[{"embeddable":true,"href":"https:\/\/radiobitacora.com.ar\/web\/wp-json\/wp\/v2\/users\/2"}],"replies":[{"embeddable":true,"href":"https:\/\/radiobitacora.com.ar\/web\/wp-json\/wp\/v2\/comments?post=8499"}],"version-history":[{"count":0,"href":"https:\/\/radiobitacora.com.ar\/web\/wp-json\/wp\/v2\/posts\/8499\/revisions"}],"wp:featuredmedia":[{"embeddable":true,"href":"https:\/\/radiobitacora.com.ar\/web\/wp-json\/wp\/v2\/media\/8500"}],"wp:attachment":[{"href":"https:\/\/radiobitacora.com.ar\/web\/wp-json\/wp\/v2\/media?parent=8499"}],"wp:term":[{"taxonomy":"category","embeddable":true,"href":"https:\/\/radiobitacora.com.ar\/web\/wp-json\/wp\/v2\/categories?post=8499"},{"taxonomy":"post_tag","embeddable":true,"href":"https:\/\/radiobitacora.com.ar\/web\/wp-json\/wp\/v2\/tags?post=8499"}],"curies":[{"name":"wp","href":"https:\/\/api.w.org\/{rel}","templated":true}]}}