{"id":8505,"date":"2022-09-26T18:20:13","date_gmt":"2022-09-26T21:20:13","guid":{"rendered":"https:\/\/radiobitacora.com.ar\/web\/?p=8505"},"modified":"2022-09-26T18:20:13","modified_gmt":"2022-09-26T21:20:13","slug":"hospital-regional-iniciara-campana-de-vacunacion-contra-el-sarampion-la-rubeola-las-paperas-y-la-poliomielitis","status":"publish","type":"post","link":"https:\/\/radiobitacora.com.ar\/web\/2022\/09\/26\/hospital-regional-iniciara-campana-de-vacunacion-contra-el-sarampion-la-rubeola-las-paperas-y-la-poliomielitis\/","title":{"rendered":"Hospital Regional iniciar\u00e1 Campa\u00f1a de Vacunaci\u00f3n contra el Sarampi\u00f3n, la rub\u00e9ola, las paperas y la poliomielitis"},"content":{"rendered":"<div class=\"panel-pane pane-token pane-node-body\">\n<div class=\"pane-content\">\n<p class=\"rtejustify\">El objetivo es evitar la aparici\u00f3n de estas enfermedades en la regi\u00f3n. Se aplicar\u00e1n dosis en un amplio espectro etario. Se empezar\u00e1 a vacunar en el Hospital Regional y en las salas de Atenci\u00f3n Primaria de acuerdo a las dosis enviadas.<\/p>\n<p class=\"rtejustify\">Ra\u00fal Mart\u00ednez, Director del Hospital Regional \u201cDr. Camilo Muniagurria\u201d, confirm\u00f3 que en Goya, como en el resto del pa\u00eds, habr\u00e1 una Campa\u00f1a de Vacunaci\u00f3n contra Sarampi\u00f3n, Rub\u00e9ola, Paperas y Poliomielitis que comenzar\u00e1 el 1 de octubre y se extender\u00e1 por seis semanas, hasta el 13 de noviembre con dosis de las vacunas triple viral (SRP) y antipoliomiel\u00edtica (IPV).<\/p>\n<p class=\"rtejustify\">Mart\u00ednez dijo en Radio Ciudad que \u201cel d\u00eda mi\u00e9rcoles de la semana pasada se hizo una reuni\u00f3n regional y una capacitaci\u00f3n de toda la Regi\u00f3n Sanitaria Tercera en el Hospital de Goya. All\u00ed se trazaron las pautas de la campa\u00f1a de vacunaci\u00f3n que arrancar\u00e1 el 1 de octubre. Ser\u00e1 una vacunaci\u00f3n antiviral. Se va a desarrollar en el Hospital y en salas de atenci\u00f3n primaria tanto del Hospital como del municipio\u201d.<\/p>\n<p class=\"rtejustify\">\u201cEsta campa\u00f1a de vacunaci\u00f3n es importante para completar el calendario oficial. Hemos estado muy focalizados todos, en general, poblaci\u00f3n y el equipo de salud, con el tema del Covid 19 y la pandemia y hace falta reforzar las estrategias respecto a lo que es la vacunaci\u00f3n de calendario\u201d, manifest\u00f3 el Director del Hospital Regional.<\/p>\n<p class=\"rtejustify\">\n<p class=\"rtejustify\"><strong>NO ERRADICADAS<\/strong><\/p>\n<p class=\"rtejustify\">\n<p class=\"rtejustify\">\u201cLas enfermedades no est\u00e1n erradicadas. Hay momentos en que estas enfermedades surgen por diferentes circunstancias. Por eso es importante la vacunaci\u00f3n. Sabemos bien que con la vacunaci\u00f3n se baja much\u00edsimo la probabilidad de que haya la enfermedad y la infecci\u00f3n. Pero tambi\u00e9n puede ocurrir que la enfermedad aparezca igual pero con una forma mucho m\u00e1s moderada.\u00a0 Hay enfermedades que pueden causar un tipo de trastorno grave y en caso de estar vacunado el efecto es mucho menor\u201d, recalc\u00f3.<\/p>\n<p class=\"rtejustify\">\u201cEsta campa\u00f1a de vacunaci\u00f3n est\u00e1 destinada a un grupo etario importante\u201d, asegur\u00f3.<\/p>\n<p class=\"rtejustify\">\u201cLo importante es que la poblaci\u00f3n sepa que cuando comenzamos vamos a empezar a vacunar\u00a0 en el Hospital Regional y en las salas de Atenci\u00f3n Primaria de acuerdo a las dosis enviadas por Naci\u00f3n a la provincia y que est\u00e1 enviar\u00e1 a Goya\u201d.<\/p>\n<p class=\"rtejustify\">\u201cSiempre los comienzos de una campa\u00f1a de vacunaci\u00f3n son un poco lentos. Pero una vez que empiece a funcionar la rueda, vamos a tener la provisi\u00f3n de vacunas\u201d, dijo el funcionario.<\/p>\n<p class=\"rtejustify\">\u201cHay que recordar que la vacunaci\u00f3n se va a desarrollar en todo el pa\u00eds, en toda la provincia, en todas las ciudades. Va a haber una distribuci\u00f3n que, de entrada, quiz\u00e1s no sea lo que uno quisiera tener de volumen\u201d, expres\u00f3 el Director del Hospital.<\/p>\n<\/div>\n<\/div>\n<div class=\"panel-separator\"><\/div>\n<div class=\"panel-pane pane-separador-linea\">\n<div class=\"pane-content\"><\/div>\n<\/div>\n","protected":false},"excerpt":{"rendered":"<p>El objetivo es evitar la aparici\u00f3n de estas enfermedades en la regi\u00f3n. Se aplicar\u00e1n dosis en un amplio espectro etario. Se empezar\u00e1 a vacunar en el Hospital Regional y en las salas de Atenci\u00f3n Primaria de acuerdo a las dosis enviadas. Ra\u00fal Mart\u00ednez, Director del Hospital Regional \u201cDr. Camilo Muniagurria\u201d, confirm\u00f3 que en Goya, como [&hellip;]<\/p>\n","protected":false},"author":2,"featured_media":8506,"comment_status":"closed","ping_status":"closed","sticky":false,"template":"","format":"standard","meta":{"footnotes":""},"categories":[56],"tags":[],"class_list":{"0":"post-8505","1":"post","2":"type-post","3":"status-publish","4":"format-standard","5":"has-post-thumbnail","7":"category-locales"},"_links":{"self":[{"href":"https:\/\/radiobitacora.com.ar\/web\/wp-json\/wp\/v2\/posts\/8505","targetHints":{"allow":["GET"]}}],"collection":[{"href":"https:\/\/radiobitacora.com.ar\/web\/wp-json\/wp\/v2\/posts"}],"about":[{"href":"https:\/\/radiobitacora.com.ar\/web\/wp-json\/wp\/v2\/types\/post"}],"author":[{"embeddable":true,"href":"https:\/\/radiobitacora.com.ar\/web\/wp-json\/wp\/v2\/users\/2"}],"replies":[{"embeddable":true,"href":"https:\/\/radiobitacora.com.ar\/web\/wp-json\/wp\/v2\/comments?post=8505"}],"version-history":[{"count":0,"href":"https:\/\/radiobitacora.com.ar\/web\/wp-json\/wp\/v2\/posts\/8505\/revisions"}],"wp:featuredmedia":[{"embeddable":true,"href":"https:\/\/radiobitacora.com.ar\/web\/wp-json\/wp\/v2\/media\/8506"}],"wp:attachment":[{"href":"https:\/\/radiobitacora.com.ar\/web\/wp-json\/wp\/v2\/media?parent=8505"}],"wp:term":[{"taxonomy":"category","embeddable":true,"href":"https:\/\/radiobitacora.com.ar\/web\/wp-json\/wp\/v2\/categories?post=8505"},{"taxonomy":"post_tag","embeddable":true,"href":"https:\/\/radiobitacora.com.ar\/web\/wp-json\/wp\/v2\/tags?post=8505"}],"curies":[{"name":"wp","href":"https:\/\/api.w.org\/{rel}","templated":true}]}}