{"id":8511,"date":"2022-09-26T18:24:46","date_gmt":"2022-09-26T21:24:46","guid":{"rendered":"https:\/\/radiobitacora.com.ar\/web\/?p=8511"},"modified":"2022-09-26T18:24:46","modified_gmt":"2022-09-26T21:24:46","slug":"pesca-variada-embarcada-fiscal-general-tulio-mochi-destaco-la-fiscalizacion-como-clara-precisa-e-irrefutable","status":"publish","type":"post","link":"https:\/\/radiobitacora.com.ar\/web\/2022\/09\/26\/pesca-variada-embarcada-fiscal-general-tulio-mochi-destaco-la-fiscalizacion-como-clara-precisa-e-irrefutable\/","title":{"rendered":"Pesca Variada Embarcada: Fiscal General, Tulio Mochi destac\u00f3 la fiscalizaci\u00f3n como clara, precisa e irrefutable"},"content":{"rendered":"<div class=\"panel-pane pane-token pane-node-body\">\n<div class=\"pane-content\">\n<p class=\"rtejustify\">A horas de culminar una de las mejores ediciones del Concurso Argentino de Pesca Variada Embarcada con devoluci\u00f3n, el Fiscal General del Concurso y Presidente de Asociaci\u00f3n Fiscales Goya, Tulio Mochi, analiz\u00f3 el trabajo de los fiscales a bordo y destac\u00f3 el comportamiento deportivo de los pescadores.<\/p>\n<p class=\"rtejustify\">En calidad de Presidente de Fiscales Goya, Mochi expuso que: \u201cRealmente nos toc\u00f3 un muy bien clima, a las 18:15 (domingo) entregamos los c\u00f3mputos de los puestos principales del 1\u00ba hasta el n\u00famero 16\u00ba y los otros premios como: Familia, Dama Mejor Clasificada y Menor Mejor Clasificado, as\u00ed como la Copa Challenger\u201d, enumer\u00f3.<\/p>\n<p class=\"rtejustify\">Si bien no precis\u00f3 el n\u00famero de piezas sacadas del r\u00edo y devueltas en buenas condiciones Mochi reconoci\u00f3 que \u201cno fue el concurso con mayor n\u00famero de piezas, o exuberante como nosotros esper\u00e1bamos, por otra parte, muy satisfechos, los muchachos trabajaron a destajo as\u00ed que muy orgulloso de ellos\u201d, dijo respecto a su equipo de trabajo y algunos colaboradores para \u201centregar planillas de c\u00f3mputos claras, precisas e irrefutable como lo hicimos\u201d.<\/p>\n<p class=\"rtejustify\">Puntualiz\u00f3 la buena captura en algunas zonas de cancha de pesca, con piezas destacadas como una especie \u201cpat\u00ed\u201d de un metro que se llev\u00f3 premio a la pieza mayor.<\/p>\n<p class=\"rtejustify\">Hizo hincapi\u00e9 en el cuidado del Concurso de Pesca en especial a la movilidad de los fiscales en todas las zonas: \u201clos pescadores pescaban, llamaban y se impacientaban por ser fiscalizados, algunos quer\u00edan cambiar de lugar, se hizo el mayor esfuerzo posible\u201d.<\/p>\n<p class=\"rtejustify\">En otro punto de la nota coment\u00f3 que todas las barras hicieron relevamiento de cancha de pesca d\u00edas anteriores, pero m\u00e1s all\u00e1 de eso, la buena pesca estuvo determinada por el azar o la suerte de cada pescador.<\/p>\n<p class=\"rtejustify\">\n<p class=\"rtejustify\"><strong>LARGADA<\/strong><\/p>\n<p class=\"rtejustify\">\n<p class=\"rtejustify\">Respecto a la largada, una vez m\u00e1s centenares de personas se congregaron este domingo a lo largo de la margen Este del riacho Goya para disfrutar y reeditar la emoci\u00f3n de las lanchas yendo a tomar lugares en las zonas. Rese\u00f1\u00f3 que fue una largada \u201cmuy ordenada y prolija\u201d.<\/p>\n<p class=\"rtejustify\">\u201cTengo que destacar que los pescadores van entendiendo el mensaje, estuvieron todos amarrados en la costa, tranquilos, en orden, no tuvimos que dar ninguna advertencia y a la hora de salir salieron todos\u201d, reiter\u00f3.<\/p>\n<p class=\"rtejustify\">Agradeci\u00f3 el trabajo y la cooperaci\u00f3n de la gente de Recursos Naturales de la Provincia, empujando la difusi\u00f3n e inter\u00e9s tur\u00edstico del evento \u201cpor allanar algunos escollos\u201d.<\/p>\n<p class=\"rtejustify\">De esta forma desde la Asociaci\u00f3n de Fiscales Goya se garantiz\u00f3 una vez m\u00e1s la transparencia del concurso, con un despliegue de m\u00e1s de 30 personas en el r\u00edo abocadas a la fiscalizaci\u00f3n\u00a0, entre veedores, fiscales y colaboradores.<\/p>\n<\/div>\n<\/div>\n<div class=\"panel-separator\"><\/div>\n<div class=\"panel-pane pane-separador-linea\">\n<div class=\"pane-content\"><\/div>\n<\/div>\n","protected":false},"excerpt":{"rendered":"<p>A horas de culminar una de las mejores ediciones del Concurso Argentino de Pesca Variada Embarcada con devoluci\u00f3n, el Fiscal General del Concurso y Presidente de Asociaci\u00f3n Fiscales Goya, Tulio Mochi, analiz\u00f3 el trabajo de los fiscales a bordo y destac\u00f3 el comportamiento deportivo de los pescadores. En calidad de Presidente de Fiscales Goya, Mochi [&hellip;]<\/p>\n","protected":false},"author":2,"featured_media":8512,"comment_status":"closed","ping_status":"closed","sticky":false,"template":"","format":"standard","meta":{"footnotes":""},"categories":[56],"tags":[],"class_list":{"0":"post-8511","1":"post","2":"type-post","3":"status-publish","4":"format-standard","5":"has-post-thumbnail","7":"category-locales"},"_links":{"self":[{"href":"https:\/\/radiobitacora.com.ar\/web\/wp-json\/wp\/v2\/posts\/8511","targetHints":{"allow":["GET"]}}],"collection":[{"href":"https:\/\/radiobitacora.com.ar\/web\/wp-json\/wp\/v2\/posts"}],"about":[{"href":"https:\/\/radiobitacora.com.ar\/web\/wp-json\/wp\/v2\/types\/post"}],"author":[{"embeddable":true,"href":"https:\/\/radiobitacora.com.ar\/web\/wp-json\/wp\/v2\/users\/2"}],"replies":[{"embeddable":true,"href":"https:\/\/radiobitacora.com.ar\/web\/wp-json\/wp\/v2\/comments?post=8511"}],"version-history":[{"count":0,"href":"https:\/\/radiobitacora.com.ar\/web\/wp-json\/wp\/v2\/posts\/8511\/revisions"}],"wp:featuredmedia":[{"embeddable":true,"href":"https:\/\/radiobitacora.com.ar\/web\/wp-json\/wp\/v2\/media\/8512"}],"wp:attachment":[{"href":"https:\/\/radiobitacora.com.ar\/web\/wp-json\/wp\/v2\/media?parent=8511"}],"wp:term":[{"taxonomy":"category","embeddable":true,"href":"https:\/\/radiobitacora.com.ar\/web\/wp-json\/wp\/v2\/categories?post=8511"},{"taxonomy":"post_tag","embeddable":true,"href":"https:\/\/radiobitacora.com.ar\/web\/wp-json\/wp\/v2\/tags?post=8511"}],"curies":[{"name":"wp","href":"https:\/\/api.w.org\/{rel}","templated":true}]}}