{"id":8551,"date":"2022-09-27T08:25:57","date_gmt":"2022-09-27T11:25:57","guid":{"rendered":"https:\/\/radiobitacora.com.ar\/web\/?p=8551"},"modified":"2022-09-27T08:25:57","modified_gmt":"2022-09-27T11:25:57","slug":"festival-de-cine-goya-conferencia-de-prensa","status":"publish","type":"post","link":"https:\/\/radiobitacora.com.ar\/web\/2022\/09\/27\/festival-de-cine-goya-conferencia-de-prensa\/","title":{"rendered":"FESTIVAL DE CINE GOYA: CONFERENCIA DE PRENSA"},"content":{"rendered":"<h3><strong>El mi\u00e9rcoles 28 de septiembre, por medio de una conferencia de prensa en el Sal\u00f3n de Acuerdos, se realizar\u00e1 la presentaci\u00f3n del Primer Festival de Cine Goya.<\/strong><\/h3>\n<p>Se invita a periodistas a participar a las 10 horas de este lanzamiento de Cine Goya, evento programado para los d\u00edas 14, 15 y 16 de octubre en el Predio Ferial de Costa Surub\u00ed.<\/p>\n","protected":false},"excerpt":{"rendered":"<p>El mi\u00e9rcoles 28 de septiembre, por medio de una conferencia de prensa en el Sal\u00f3n de Acuerdos, se realizar\u00e1 la presentaci\u00f3n del Primer Festival de Cine Goya. Se invita a periodistas a participar a las 10 horas de este lanzamiento de Cine Goya, evento programado para los d\u00edas 14, 15 y 16 de octubre en [&hellip;]<\/p>\n","protected":false},"author":2,"featured_media":8552,"comment_status":"closed","ping_status":"closed","sticky":false,"template":"","format":"standard","meta":{"footnotes":""},"categories":[56],"tags":[],"class_list":{"0":"post-8551","1":"post","2":"type-post","3":"status-publish","4":"format-standard","5":"has-post-thumbnail","7":"category-locales"},"_links":{"self":[{"href":"https:\/\/radiobitacora.com.ar\/web\/wp-json\/wp\/v2\/posts\/8551","targetHints":{"allow":["GET"]}}],"collection":[{"href":"https:\/\/radiobitacora.com.ar\/web\/wp-json\/wp\/v2\/posts"}],"about":[{"href":"https:\/\/radiobitacora.com.ar\/web\/wp-json\/wp\/v2\/types\/post"}],"author":[{"embeddable":true,"href":"https:\/\/radiobitacora.com.ar\/web\/wp-json\/wp\/v2\/users\/2"}],"replies":[{"embeddable":true,"href":"https:\/\/radiobitacora.com.ar\/web\/wp-json\/wp\/v2\/comments?post=8551"}],"version-history":[{"count":0,"href":"https:\/\/radiobitacora.com.ar\/web\/wp-json\/wp\/v2\/posts\/8551\/revisions"}],"wp:featuredmedia":[{"embeddable":true,"href":"https:\/\/radiobitacora.com.ar\/web\/wp-json\/wp\/v2\/media\/8552"}],"wp:attachment":[{"href":"https:\/\/radiobitacora.com.ar\/web\/wp-json\/wp\/v2\/media?parent=8551"}],"wp:term":[{"taxonomy":"category","embeddable":true,"href":"https:\/\/radiobitacora.com.ar\/web\/wp-json\/wp\/v2\/categories?post=8551"},{"taxonomy":"post_tag","embeddable":true,"href":"https:\/\/radiobitacora.com.ar\/web\/wp-json\/wp\/v2\/tags?post=8551"}],"curies":[{"name":"wp","href":"https:\/\/api.w.org\/{rel}","templated":true}]}}