{"id":8569,"date":"2022-09-27T08:46:25","date_gmt":"2022-09-27T11:46:25","guid":{"rendered":"https:\/\/radiobitacora.com.ar\/web\/?p=8569"},"modified":"2022-09-27T08:46:25","modified_gmt":"2022-09-27T11:46:25","slug":"zaira-nara-anuncio-su-separacion-de-jakob-von-plessen-decidimos-darle-otra-forma-a-nuestra-familia","status":"publish","type":"post","link":"https:\/\/radiobitacora.com.ar\/web\/2022\/09\/27\/zaira-nara-anuncio-su-separacion-de-jakob-von-plessen-decidimos-darle-otra-forma-a-nuestra-familia\/","title":{"rendered":"Zaira Nara anunci\u00f3 su separaci\u00f3n de Jakob Von Plessen: \u201cDecidimos darle otra forma a nuestra familia\u201d"},"content":{"rendered":"<p>Despu\u00e9s de meses de rumores, idas y venidas,\u00a0<strong>Zaira Nara anunci\u00f3 su separaci\u00f3n del empresario Jakob Von Plessen<\/strong>\u00a0<a href=\"https:\/\/www.ciudad.com.ar\/espectaculos\/zaira-nara-sorprendio-sincericidio-cuando-preguntaron-jakob-von-plessen-prefiero_204830\" rel=\"noopener\">despu\u00e9s de ocho a\u00f1os de relaci\u00f3n y dos hijos en com\u00fan<\/a>.<\/p>\n<p>\u201cDespu\u00e9s de 8 inolvidables a\u00f1os compartidos,\u00a0<strong>decidimos separarnos y darle otra forma a esta familia<\/strong>, manteniendo la amistad y\u00a0<a href=\"https:\/\/www.ciudad.com.ar\/espectaculos\/revelan-explosivos-datos-separacion-zaira-nara-diego-forlan_204969\" rel=\"noopener\">el amor por nuestros hijos que nos unir\u00e1n para siempre<\/a>\u201d, escribi\u00f3 la modelo en una story.<\/p>\n<p><strong>\u201cEspero sepan entender y respetar este momento familiar. Gracias. Zaira\u201d<\/strong>, cierra el mensaje en el que la modelo deja en claro que no har\u00e1 comentarios al respecto a la prensa, al menos por los pr\u00f3ximos d\u00edas.<\/p>\n<aside class=\"more-about\">\n<div class=\"grid more-about-bg more-about-big\">\n<article id=\"nota-205213\" class=\"news-widget grid-middle col\">\n<h4 class=\"news-widget-title col\"><a class=\"news-widget-link\" title=\"\u00c1ngel de Brito y Yanina Latorre, picant\u00edsimos con Zaira Nara en pleno m\u00f3vil: &quot;\u00bfTe comiste al polista?&quot;\" href=\"https:\/\/www.ciudad.com.ar\/espectaculos\/angel-brito-yanina-latorre-picantisimos-zaira-nara-pleno-movil--comiste-polista_205213\" target=\"_blank\" rel=\"noopener\">\u00c1ngel de Brito y Yanina Latorre, picant\u00edsimos con Zaira Nara en pleno m\u00f3vil: &#8220;\u00bfTe comiste al polista?&#8221;<\/a><\/h4>\n<\/article>\n<\/div>\n<\/aside>\n<p><strong>LOS HECHOS QUE PREDIJERON LA SEPARACI\u00d3N DE ZAIRA NARA Y JAKOB VON PLESSEN<\/strong><\/p>\n<p>Desde los eventos del recordado Wanda Gate, los rumores de mala relaci\u00f3n entre Zaira y Jakob no hicieron m\u00e1s que multiplicarse, ya que se se\u00f1alaba al empresario\u00a0<strong>como el que llev\u00f3 a Mauro Icardi al hotel en el que se habr\u00eda encontrado con la China Su\u00e1rez en Par\u00eds<\/strong>, aprovechando un viaje de las hermanas fuera de la Ciudad luz.<\/p>\n<p>En mayo\u00a0<strong>surgieron versiones de infidelidad del empresario tur\u00edstico, que la propia Zaira se encarg\u00f3 de negar en todas las entrevistas que brind\u00f3<\/strong>. &#8220;No estaba separada, pero hubo un temblequeo, que se yo\u201d, reconoci\u00f3 en aquella ocasi\u00f3n, en una entrevista con LAM.<\/p>\n<p>\u201cEl 19 de mayo Zaira me contest\u00f3\u00a0<strong>\u2018somos una familia y siempre lo seremos, no me gusta que inventen un perfil de Jakob que no es, jam\u00e1s lo encontr\u00e9 con nadie\u2019<\/strong>\u201d, le dijo entonces P\u00eda Shaw a Zaira, oblig\u00e1ndola a admitir la crisis.<\/p>\n<p>\u201cTambi\u00e9n me dijo\u00a0<strong>\u2018me duele que inventen que yo lo encontr\u00e9 si\u00e9ndome infiel. Me duele por m\u00ed, por \u00e9l, por la familia, por los amigos, no es real\u2019<\/strong>\u201d, agreg\u00f3 la periodista en vivo, mientras Zaira explicaba que todo ese tema hab\u00eda quedado atr\u00e1s, aunque el tiempo demostr\u00f3 que no era as\u00ed<\/p>\n<aside class=\"more-about\">\n<div class=\"grid more-about-bg more-about-big\">\n<article id=\"nota-205302\" class=\"news-widget grid-middle col\">\n<div class=\"news-widget-image col-3\"><a class=\"aspect-16-9\" title=\"Zaira Nara habl\u00f3 angustiada de las versiones de infidelidad de Jakob von Plessen\" href=\"https:\/\/www.ciudad.com.ar\/espectaculos\/zaira-nara-hablo-angustiada-las-versiones-infidelidad-jakob-von-plessen_205302\" target=\"_blank\" rel=\"noopener\"><img decoding=\"async\" class=\"lzl initial loaded\" title=\"Zaira Nara habl\u00f3 de Jakob von Plessen. \" src=\"https:\/\/cdn.ciudad.com.ar\/sites\/default\/files\/styles\/nota_portada_crop\/public\/nota_video\/2022\/09\/17\/zaira-nara-jakov-von-plessen.jpg?itok=R7ruYpsr\" alt=\"Zaira Nara habl\u00f3 de Jakob von Plessen. \" data-original=\"https:\/\/cdn.ciudad.com.ar\/sites\/default\/files\/styles\/nota_portada_crop\/public\/nota_video\/2022\/09\/17\/zaira-nara-jakov-von-plessen.jpg?itok=R7ruYpsr\" \/><\/a><\/div>\n<\/article>\n<\/div>\n<\/aside>\n","protected":false},"excerpt":{"rendered":"<p>Despu\u00e9s de meses de rumores, idas y venidas,\u00a0Zaira Nara anunci\u00f3 su separaci\u00f3n del empresario Jakob Von Plessen\u00a0despu\u00e9s de ocho a\u00f1os de relaci\u00f3n y dos hijos en com\u00fan. \u201cDespu\u00e9s de 8 inolvidables a\u00f1os compartidos,\u00a0decidimos separarnos y darle otra forma a esta familia, manteniendo la amistad y\u00a0el amor por nuestros hijos que nos unir\u00e1n para siempre\u201d, escribi\u00f3 [&hellip;]<\/p>\n","protected":false},"author":2,"featured_media":8570,"comment_status":"closed","ping_status":"closed","sticky":false,"template":"","format":"standard","meta":{"footnotes":""},"categories":[67],"tags":[],"class_list":{"0":"post-8569","1":"post","2":"type-post","3":"status-publish","4":"format-standard","5":"has-post-thumbnail","7":"category-espectaculo"},"_links":{"self":[{"href":"https:\/\/radiobitacora.com.ar\/web\/wp-json\/wp\/v2\/posts\/8569","targetHints":{"allow":["GET"]}}],"collection":[{"href":"https:\/\/radiobitacora.com.ar\/web\/wp-json\/wp\/v2\/posts"}],"about":[{"href":"https:\/\/radiobitacora.com.ar\/web\/wp-json\/wp\/v2\/types\/post"}],"author":[{"embeddable":true,"href":"https:\/\/radiobitacora.com.ar\/web\/wp-json\/wp\/v2\/users\/2"}],"replies":[{"embeddable":true,"href":"https:\/\/radiobitacora.com.ar\/web\/wp-json\/wp\/v2\/comments?post=8569"}],"version-history":[{"count":0,"href":"https:\/\/radiobitacora.com.ar\/web\/wp-json\/wp\/v2\/posts\/8569\/revisions"}],"wp:featuredmedia":[{"embeddable":true,"href":"https:\/\/radiobitacora.com.ar\/web\/wp-json\/wp\/v2\/media\/8570"}],"wp:attachment":[{"href":"https:\/\/radiobitacora.com.ar\/web\/wp-json\/wp\/v2\/media?parent=8569"}],"wp:term":[{"taxonomy":"category","embeddable":true,"href":"https:\/\/radiobitacora.com.ar\/web\/wp-json\/wp\/v2\/categories?post=8569"},{"taxonomy":"post_tag","embeddable":true,"href":"https:\/\/radiobitacora.com.ar\/web\/wp-json\/wp\/v2\/tags?post=8569"}],"curies":[{"name":"wp","href":"https:\/\/api.w.org\/{rel}","templated":true}]}}