{"id":8653,"date":"2022-09-29T16:40:12","date_gmt":"2022-09-29T19:40:12","guid":{"rendered":"https:\/\/radiobitacora.com.ar\/web\/?p=8653"},"modified":"2022-09-29T16:40:12","modified_gmt":"2022-09-29T19:40:12","slug":"yanina-latorre-revelo-el-diagnostico-de-salud-que-la-llevara-al-quirofano-estoy-angustiada","status":"publish","type":"post","link":"https:\/\/radiobitacora.com.ar\/web\/2022\/09\/29\/yanina-latorre-revelo-el-diagnostico-de-salud-que-la-llevara-al-quirofano-estoy-angustiada\/","title":{"rendered":"Yanina Latorre revel\u00f3 el diagn\u00f3stico de salud que la llevar\u00e1 al quir\u00f3fano: \u201cEstoy angustiada\u201d"},"content":{"rendered":"<p class=\"paragraph\"><b>No son d\u00edas f\u00e1ciles para Yanina Latorre<\/b>. De un tiempo a esta parte, la panelista viene padeciendo una enfermedad en su o\u00eddo que la tiene preocupada. A trav\u00e9s de su cuenta de Instagram, la medi\u00e1tica comparti\u00f3 una serie de historias en las que dio detalles acerca de la dram\u00e1tica situaci\u00f3n que est\u00e1 viviendo.<\/p>\n<p class=\"paragraph\"><b>\u201cHoy le voy a poner onda a la vida.<\/b>\u00a0Ayer no pas\u00e9 un buen d\u00eda, no pas\u00e9 una buena noche ni una buena tarde. Fui a los m\u00e9dicos, me atendieron el doctor Hugo Rodr\u00edguez y el doctor Orfila juntos. No es sencillo, me tengo que operar\u201d, dijo. En este marco, la comunicadora revel\u00f3 que padece<b>\u00a0\u201cun colesteatoma\u201d,<\/b>\u00a0que se trata de tipo de quiste cut\u00e1neo que afecta al o\u00eddo medio.<\/p>\n<p class=\"paragraph\">\u201cEsta sordera y este zumbido que tengo no se me va a ir hasta que me opere. Me tengo que acostumbrar a convivir, cosa que no es f\u00e1cil\u201d, acot\u00f3. Y agreg\u00f3: \u201cNo tiene nada que ver lo que tengo con la gripe, con la miringitis que tuve y todo. Parece que gracias a ese cuadro se destap\u00f3 este otro<b>. Ya lo ten\u00eda desde antes.<\/b>\u00a0Son esas cosas de la vida que pasan para que te des cuenta\u201d.<\/p>\n<p class=\"paragraph\">Visiblemente angustiada por su estado de salud, Yanina Latorre admiti\u00f3 que las consecuencias del colesteatoma,\u00a0<b>sordera y zumbido constante,\u00a0<\/b>la est\u00e1n \u201cenloqueciendo\u201d. \u201cEso hace que yo sienta toda esta parte (la izquierda) como rara y dormida. Ayer me estres\u00e9, me puse nerviosa, me angusti\u00e9 y creo que no pregunt\u00e9 todo lo que ten\u00eda que preguntar\u201d, explic\u00f3.<\/p>\n<p class=\"paragraph\">La panelista anunci\u00f3 que se someter\u00e1 a una resonancia magn\u00e9tica para evaluar la magnitud del quiste y averiguar si es cong\u00e9nito o el resultado de una otitis mal curada. \u201cMe dijeron que trate de hacer la vida m\u00e1s normal que pueda y voy a estar bien.\u00a0<b>Estoy angustiada, si pudiera me operar\u00eda ma\u00f1ana para sacarme este problema de encima.<\/b>\u00a0No s\u00e9 si voy a vivir as\u00ed todo el tiempo\u201d, coment\u00f3 la mujer de Diego Latorre que tuvo que suspender un viaje pautado a la provincia de Jujuy.<\/p>\n<p class=\"paragraph\">\u201cA partir de ahora me voy a tomar la vida de otra manera: voy a estar con mi familia y a estar con mis amigos, voy a viajar m\u00e1s porque no est\u00e1 bueno sufrir al pedo.<b>\u00a0La vida es una sola, estoy grande y por algo me est\u00e1n pasando estas cosas y el cuerpo me est\u00e1 avisando\u201d<\/b>, complet\u00f3 Yanina.<\/p>\n<div class=\"jwplayer-ctn\">\n<div>\n<div id=\"9McQ3w7r\" class=\"jwplayer jw-reset jw-state-idle jw-stretch-uniform jw-flag-aspect-mode jw-floating-dismissible jw-flag-user-inactive jw-breakpoint-4\" tabindex=\"0\" role=\"application\" aria-label=\"Reproductor de Video\" aria-describedby=\"jw-shortcuts-tooltip-explanation\">\n<div class=\"jw-wrapper jw-reset\">\n<div class=\"jw-controls jw-reset\">\n<div class=\"jw-nextup-container jw-reset\">\n<div class=\"jw-nextup jw-background-color jw-reset jw-nextup-thumbnail-visible\"><\/div>\n<\/div>\n<\/div>\n<\/div>\n<\/div>\n<\/div>\n<p>Yanina Latorre revel\u00f3 que tiene una bacteria en su o\u00eddo que casi la deja sorda<\/p><\/div>\n<p class=\"paragraph\">El lunes pasado, la ausencia de Yanina Latorre sorprendi\u00f3 en LAM. Es que, salvo excepciones en la que se tom\u00f3 vacaciones, la panelista no suele faltar a su trabajo. Fue P\u00eda Shaw, que por estos d\u00edas estuvo conduciendo el programa, quien anticip\u00f3 lo que le pas\u00f3 a su colega. \u201cLa voy a recibir a ella, le voy a agradecer porque la semana pasada la ve\u00edamos que estaba mal, que no se sent\u00eda bien y estuvo hasta el viernes ac\u00e1. Pero pas\u00f3 un fin de semana fatal\u201d, la present\u00f3, justo antes de que la angelita se conecte v\u00eda Zoom.<\/p>\n<p class=\"paragraph\"><b>\u201cTuve una gripe terrible toda la semana,\u00a0<\/b>hice medio reposo porque iba a laburar todos los d\u00edas para no abandonar el programa ni a ustedes, pero el viernes se me tap\u00f3 el o\u00eddo. Yo me imagin\u00e9 que eran los mocos porque estaba muy congestionada. Pero cuando me fui de LAM, segu\u00eda tapada y, a la una y media de la ma\u00f1ana, me empez\u00f3 a doler el o\u00eddo de una manera descomunal\u201d, hab\u00eda expresado ese d\u00eda.<\/p>\n<p class=\"paragraph\">Y continu\u00f3 explicando: \u201c<b>Pas\u00e9 una noche tremenda, llor\u00e9, no ten\u00eda postura<\/b>, trataba de ver una serie, caminaba, daba vueltas esperando que amanezca para llamar a un otorrino. Y bueno, a las 5 de la ma\u00f1ana el dolor era inconmensurable,\u00a0<b>un dolor que nunca en mi vida sent\u00ed. Sent\u00ed algo que estall\u00f3 y me empez\u00f3 a salir sangre. Lo \u00fanico bueno, es que en esa puntada cuando me estalla algo, el dolor cedi\u00f3.\u00a0<\/b>A todo esto, durante la noche me tom\u00e9 todo lo que vi para el dolor y nada me aflojaba\u201d.<\/p>\n","protected":false},"excerpt":{"rendered":"<p>No son d\u00edas f\u00e1ciles para Yanina Latorre. De un tiempo a esta parte, la panelista viene padeciendo una enfermedad en su o\u00eddo que la tiene preocupada. A trav\u00e9s de su cuenta de Instagram, la medi\u00e1tica comparti\u00f3 una serie de historias en las que dio detalles acerca de la dram\u00e1tica situaci\u00f3n que est\u00e1 viviendo. \u201cHoy le [&hellip;]<\/p>\n","protected":false},"author":2,"featured_media":8654,"comment_status":"closed","ping_status":"closed","sticky":false,"template":"","format":"standard","meta":{"footnotes":""},"categories":[67],"tags":[],"class_list":{"0":"post-8653","1":"post","2":"type-post","3":"status-publish","4":"format-standard","5":"has-post-thumbnail","7":"category-espectaculo"},"_links":{"self":[{"href":"https:\/\/radiobitacora.com.ar\/web\/wp-json\/wp\/v2\/posts\/8653","targetHints":{"allow":["GET"]}}],"collection":[{"href":"https:\/\/radiobitacora.com.ar\/web\/wp-json\/wp\/v2\/posts"}],"about":[{"href":"https:\/\/radiobitacora.com.ar\/web\/wp-json\/wp\/v2\/types\/post"}],"author":[{"embeddable":true,"href":"https:\/\/radiobitacora.com.ar\/web\/wp-json\/wp\/v2\/users\/2"}],"replies":[{"embeddable":true,"href":"https:\/\/radiobitacora.com.ar\/web\/wp-json\/wp\/v2\/comments?post=8653"}],"version-history":[{"count":0,"href":"https:\/\/radiobitacora.com.ar\/web\/wp-json\/wp\/v2\/posts\/8653\/revisions"}],"wp:featuredmedia":[{"embeddable":true,"href":"https:\/\/radiobitacora.com.ar\/web\/wp-json\/wp\/v2\/media\/8654"}],"wp:attachment":[{"href":"https:\/\/radiobitacora.com.ar\/web\/wp-json\/wp\/v2\/media?parent=8653"}],"wp:term":[{"taxonomy":"category","embeddable":true,"href":"https:\/\/radiobitacora.com.ar\/web\/wp-json\/wp\/v2\/categories?post=8653"},{"taxonomy":"post_tag","embeddable":true,"href":"https:\/\/radiobitacora.com.ar\/web\/wp-json\/wp\/v2\/tags?post=8653"}],"curies":[{"name":"wp","href":"https:\/\/api.w.org\/{rel}","templated":true}]}}