{"id":8709,"date":"2022-09-30T08:10:12","date_gmt":"2022-09-30T11:10:12","guid":{"rendered":"https:\/\/radiobitacora.com.ar\/web\/?p=8709"},"modified":"2022-09-30T08:10:12","modified_gmt":"2022-09-30T11:10:12","slug":"octubre-llegaria-con-aumento-en-los-combustibles","status":"publish","type":"post","link":"https:\/\/radiobitacora.com.ar\/web\/2022\/09\/30\/octubre-llegaria-con-aumento-en-los-combustibles\/","title":{"rendered":"Octubre llegar\u00eda con aumento en los combustibles"},"content":{"rendered":"<p>Octubre llegar\u00eda con nuevos aumentos en los combustibles. Esto se debe a que el primer d\u00eda del d\u00e9cimo mes del a\u00f1o, tal como establece el Decreto 561\/2022, comenzar\u00e1 la suba escalonada de los impuestos a los combustibles l\u00edquidos (ICL) y al Di\u00f3xido de Carbono (IDC), tras varias postergaciones por parte del gobierno actual y el anterior para no generar m\u00e1s presi\u00f3n sobre los surtidores.<\/p>\n<p>Fuentes del sector se\u00f1alaron que no descartan un aumento general de los precios de los combustibles durante este fin de semana, o bien el lunes pr\u00f3ximo.<\/p>\n<p>Especialistas recalcaron que la suba en los impuestos (ICL e IDC) tendr\u00e1 un impacto en los precios de las pizarras de las estaciones de servicio del 4,8 por ciento para la nafta s\u00faper y 3,4 por ciento en el caso del gasoil grado 2.<\/p>\n<p>De aplicarse este incremento repercutir\u00e1 de manera directa en la inflaci\u00f3n. Desde los sectores transportistas ya encendieron las alarmas.<\/p>\n","protected":false},"excerpt":{"rendered":"<p>Octubre llegar\u00eda con nuevos aumentos en los combustibles. Esto se debe a que el primer d\u00eda del d\u00e9cimo mes del a\u00f1o, tal como establece el Decreto 561\/2022, comenzar\u00e1 la suba escalonada de los impuestos a los combustibles l\u00edquidos (ICL) y al Di\u00f3xido de Carbono (IDC), tras varias postergaciones por parte del gobierno actual y el [&hellip;]<\/p>\n","protected":false},"author":2,"featured_media":8710,"comment_status":"closed","ping_status":"closed","sticky":false,"template":"","format":"standard","meta":{"footnotes":""},"categories":[65],"tags":[],"class_list":{"0":"post-8709","1":"post","2":"type-post","3":"status-publish","4":"format-standard","5":"has-post-thumbnail","7":"category-economia"},"_links":{"self":[{"href":"https:\/\/radiobitacora.com.ar\/web\/wp-json\/wp\/v2\/posts\/8709","targetHints":{"allow":["GET"]}}],"collection":[{"href":"https:\/\/radiobitacora.com.ar\/web\/wp-json\/wp\/v2\/posts"}],"about":[{"href":"https:\/\/radiobitacora.com.ar\/web\/wp-json\/wp\/v2\/types\/post"}],"author":[{"embeddable":true,"href":"https:\/\/radiobitacora.com.ar\/web\/wp-json\/wp\/v2\/users\/2"}],"replies":[{"embeddable":true,"href":"https:\/\/radiobitacora.com.ar\/web\/wp-json\/wp\/v2\/comments?post=8709"}],"version-history":[{"count":0,"href":"https:\/\/radiobitacora.com.ar\/web\/wp-json\/wp\/v2\/posts\/8709\/revisions"}],"wp:featuredmedia":[{"embeddable":true,"href":"https:\/\/radiobitacora.com.ar\/web\/wp-json\/wp\/v2\/media\/8710"}],"wp:attachment":[{"href":"https:\/\/radiobitacora.com.ar\/web\/wp-json\/wp\/v2\/media?parent=8709"}],"wp:term":[{"taxonomy":"category","embeddable":true,"href":"https:\/\/radiobitacora.com.ar\/web\/wp-json\/wp\/v2\/categories?post=8709"},{"taxonomy":"post_tag","embeddable":true,"href":"https:\/\/radiobitacora.com.ar\/web\/wp-json\/wp\/v2\/tags?post=8709"}],"curies":[{"name":"wp","href":"https:\/\/api.w.org\/{rel}","templated":true}]}}