{"id":8715,"date":"2022-09-30T15:38:24","date_gmt":"2022-09-30T18:38:24","guid":{"rendered":"https:\/\/radiobitacora.com.ar\/web\/?p=8715"},"modified":"2022-09-30T15:38:24","modified_gmt":"2022-09-30T18:38:24","slug":"feria-internacional-de-turismo-2022","status":"publish","type":"post","link":"https:\/\/radiobitacora.com.ar\/web\/2022\/09\/30\/feria-internacional-de-turismo-2022\/","title":{"rendered":"FERIA INTERNACIONAL DE TURISMO 2022"},"content":{"rendered":"<h3><strong>CRONOGRAMA DE ACTIVIDADES:<\/strong><\/h3>\n<p><strong>S\u00c1BADO 1\/10\u00a0<img loading=\"lazy\" decoding=\"async\" class=\"size-medium wp-image-25945 alignright lazyloaded\" src=\"https:\/\/883radiociudad.gob.ar\/wp-content\/uploads\/2022\/09\/FIT-2-300x300.jpeg\" sizes=\"auto, (max-width: 300px) 100vw, 300px\" srcset=\"https:\/\/883radiociudad.gob.ar\/wp-content\/uploads\/2022\/09\/FIT-2-300x300.jpeg 300w, https:\/\/883radiociudad.gob.ar\/wp-content\/uploads\/2022\/09\/FIT-2-1024x1024.jpeg 1024w, https:\/\/883radiociudad.gob.ar\/wp-content\/uploads\/2022\/09\/FIT-2-150x150.jpeg 150w, https:\/\/883radiociudad.gob.ar\/wp-content\/uploads\/2022\/09\/FIT-2-768x768.jpeg 768w, https:\/\/883radiociudad.gob.ar\/wp-content\/uploads\/2022\/09\/FIT-2-scaled.jpeg 1020w\" alt=\"\" width=\"300\" height=\"300\" data-srcset=\"https:\/\/883radiociudad.gob.ar\/wp-content\/uploads\/2022\/09\/FIT-2-300x300.jpeg 300w, https:\/\/883radiociudad.gob.ar\/wp-content\/uploads\/2022\/09\/FIT-2-1024x1024.jpeg 1024w, https:\/\/883radiociudad.gob.ar\/wp-content\/uploads\/2022\/09\/FIT-2-150x150.jpeg 150w, https:\/\/883radiociudad.gob.ar\/wp-content\/uploads\/2022\/09\/FIT-2-768x768.jpeg 768w, https:\/\/883radiociudad.gob.ar\/wp-content\/uploads\/2022\/09\/FIT-2-scaled.jpeg 1020w\" data-src=\"https:\/\/883radiociudad.gob.ar\/wp-content\/uploads\/2022\/09\/FIT-2-300x300.jpeg\" data-sizes=\"(max-width: 300px) 100vw, 300px\" \/>\u00a0<\/strong><\/p>\n<p>12:00\u00a0\u00a0\u00a0\u00a0 INAUGURACI\u00d3N \u2013 CORTE DE CINTA CON AUTORIDADES<\/p>\n<p>14:00\u00a0\u00a0\u00a0\u00a0 APERTURA AL P\u00daBLICO<\/p>\n<p>HORA<\/p>\n<p>15:00HS\u00a0\u00a0\u00a0\u00a0\u00a0\u00a0\u00a0\u00a0\u00a0\u00a0\u00a0\u00a0\u00a0\u00a0 \u2013\u00a0\u00a0\u00a0\u00a0\u00a0\u00a0\u00a0\u00a0\u00a0\u00a0\u00a0\u00a0\u00a0 Clase y Degustaci\u00f3n \u201cMbeju\u201d \u201cCocineros del Iber\u00e1\u201d\u00a0\u00a0\u00a0\u00a0\u00a0\u00a0 \u2013\u00a0\u00a0\u00a0\u00a0\u00a0\u00a0\u00a0\u00a0\u00a0\u00a0\u00a0\u00a0\u00a0 \u2013<\/p>\n<p>15:30HS\u00a0\u00a0\u00a0\u00a0\u00a0\u00a0\u00a0\u00a0\u00a0\u00a0\u00a0\u00a0\u00a0\u00a0\u00a0\u00a0\u00a0\u00a0\u00a0\u00a0\u00a0\u00a0\u00a0\u00a0\u00a0\u00a0\u00a0\u00a0\u00a0\u00a0 \u2013\u00a0\u00a0\u00a0\u00a0\u00a0\u00a0\u00a0\u00a0\u00a0\u00a0\u00a0\u00a0\u00a0 \u2013\u00a0\u00a0\u00a0\u00a0\u00a0\u00a0\u00a0\u00a0\u00a0\u00a0\u00a0\u00a0\u00a0 \u2013<\/p>\n<p>16:00 HS\u00a0\u00a0\u00a0\u00a0\u00a0\u00a0\u00a0\u00a0\u00a0\u00a0\u00a0\u00a0\u00a0\u00a0 \u2013\u00a0\u00a0\u00a0\u00a0\u00a0\u00a0\u00a0\u00a0\u00a0\u00a0\u00a0\u00a0\u00a0 Degustaci\u00f3n \u201cCara Sucia\u201d Esquina\u00a0\u00a0\u00a0\u00a0\u00a0\u00a0\u00a0\u00a0\u00a0\u00a0 \u2013\u00a0\u00a0\u00a0\u00a0\u00a0\u00a0\u00a0\u00a0\u00a0\u00a0\u00a0\u00a0\u00a0 \u2013<\/p>\n<p>16:15HS\u00a0\u00a0\u00a0\u00a0\u00a0\u00a0\u00a0\u00a0\u00a0\u00a0\u00a0\u00a0\u00a0\u00a0 Juegos\u00a0 \u2013\u00a0\u00a0\u00a0\u00a0\u00a0\u00a0\u00a0\u00a0\u00a0\u00a0\u00a0\u00a0\u00a0 \u2013\u00a0\u00a0\u00a0\u00a0\u00a0\u00a0\u00a0\u00a0\u00a0\u00a0\u00a0\u00a0\u00a0 \u2013<\/p>\n<p>16:30 HS\u00a0\u00a0\u00a0\u00a0\u00a0\u00a0\u00a0\u00a0\u00a0\u00a0\u00a0\u00a0\u00a0\u00a0 \u2013\u00a0\u00a0\u00a0\u00a0\u00a0\u00a0\u00a0\u00a0\u00a0\u00a0\u00a0\u00a0\u00a0 \u2013\u00a0\u00a0\u00a0\u00a0\u00a0\u00a0\u00a0\u00a0\u00a0\u00a0\u00a0\u00a0\u00a0 Espect\u00e1culo Carnaval\u00a0\u00a0\u00a0\u00a0 \u2013<\/p>\n<p>17:00 HS\u00a0\u00a0\u00a0\u00a0\u00a0\u00a0\u00a0\u00a0\u00a0\u00a0\u00a0\u00a0\u00a0\u00a0 \u2013\u00a0\u00a0\u00a0\u00a0\u00a0\u00a0\u00a0\u00a0\u00a0\u00a0\u00a0\u00a0\u00a0 Degustaci\u00f3n de Chipa \u201cCocineros del Iber\u00e1\u201d\u00a0\u00a0\u00a0\u00a0\u00a0 \u2013\u00a0\u00a0\u00a0\u00a0\u00a0\u00a0\u00a0\u00a0\u00a0\u00a0\u00a0\u00a0\u00a0 \u2013<\/p>\n<p>17:30 HS\u00a0\u00a0\u00a0\u00a0\u00a0\u00a0\u00a0\u00a0\u00a0\u00a0\u00a0\u00a0\u00a0\u00a0 Espect\u00e1culo de Carnaval\u00a0\u00a0\u00a0\u00a0\u00a0\u00a0\u00a0\u00a0\u00a0\u00a0\u00a0\u00a0\u00a0 \u2013\u00a0\u00a0\u00a0\u00a0\u00a0\u00a0\u00a0\u00a0\u00a0\u00a0\u00a0\u00a0\u00a0 \u2013\u00a0\u00a0\u00a0\u00a0\u00a0\u00a0\u00a0\u00a0\u00a0\u00a0\u00a0\u00a0\u00a0 \u2013<\/p>\n<p>19:00HS\u00a0\u00a0\u00a0\u00a0\u00a0\u00a0\u00a0\u00a0\u00a0\u00a0\u00a0\u00a0\u00a0\u00a0 Juegos\u00a0 Clase y Degustaci\u00f3n Kiveve \u201cCocineros del Iber\u00e1\u201d\u00a0\u00a0\u00a0\u00a0\u00a0\u00a0\u00a0\u00a0\u00a0\u00a0 \u2013\u00a0\u00a0\u00a0\u00a0\u00a0\u00a0\u00a0\u00a0\u00a0\u00a0\u00a0\u00a0\u00a0 \u2013<\/p>\n<p>19:15 HS\u00a0\u00a0\u00a0\u00a0\u00a0\u00a0\u00a0\u00a0\u00a0\u00a0\u00a0\u00a0\u00a0\u00a0 \u2013\u00a0\u00a0\u00a0\u00a0\u00a0\u00a0\u00a0\u00a0\u00a0\u00a0\u00a0\u00a0\u00a0 Degustaci\u00f3n Cerveza Sativa<\/p>\n<p>19:30 HS\u00a0\u00a0\u00a0\u00a0\u00a0\u00a0\u00a0\u00a0\u00a0\u00a0\u00a0\u00a0\u00a0\u00a0 \u2013\u00a0\u00a0\u00a0\u00a0\u00a0\u00a0\u00a0\u00a0\u00a0\u00a0\u00a0\u00a0\u00a0 Degustaci\u00f3n Rep. Aparte\u00a0\u00a0\u00a0\u00a0\u00a0\u00a0\u00a0\u00a0\u00a0\u00a0\u00a0 \u2013\u00a0\u00a0\u00a0\u00a0\u00a0\u00a0\u00a0\u00a0\u00a0\u00a0\u00a0\u00a0\u00a0 \u2013<\/p>\n<p>19:45 HS\u00a0\u00a0\u00a0\u00a0\u00a0\u00a0\u00a0\u00a0\u00a0\u00a0\u00a0\u00a0\u00a0\u00a0 \u2013\u00a0\u00a0\u00a0\u00a0\u00a0\u00a0\u00a0\u00a0\u00a0\u00a0\u00a0\u00a0\u00a0 Degustaci\u00f3n de chipa \u201cCocineros del Iber\u00e1\u201d\u00a0\u00a0\u00a0\u00a0\u00a0\u00a0 \u2013\u00a0\u00a0\u00a0\u00a0\u00a0\u00a0\u00a0\u00a0\u00a0\u00a0\u00a0\u00a0\u00a0 \u2013<\/p>\n<p>20:00 HS\u00a0\u00a0\u00a0\u00a0\u00a0\u00a0\u00a0\u00a0\u00a0\u00a0\u00a0\u00a0\u00a0\u00a0 Espect\u00e1culo Chamam\u00e9 \u2013\u00a0\u00a0\u00a0\u00a0\u00a0\u00a0\u00a0\u00a0\u00a0\u00a0\u00a0\u00a0\u00a0 \u2013<\/p>\n<p>20:00 HS\u00a0\u00a0\u00a0\u00a0\u00a0\u00a0\u00a0\u00a0\u00a0\u00a0\u00a0\u00a0\u00a0\u00a0 Chamam\u00e9 Curuzucuate\u00f1o<\/p>\n<p><strong>DOMINGO 2\/10<\/strong><strong><img loading=\"lazy\" decoding=\"async\" class=\"size-medium wp-image-25949 alignright lazyloaded\" src=\"https:\/\/883radiociudad.gob.ar\/wp-content\/uploads\/2022\/09\/FIT-3-282x300.jpeg\" sizes=\"auto, (max-width: 282px) 100vw, 282px\" srcset=\"https:\/\/883radiociudad.gob.ar\/wp-content\/uploads\/2022\/09\/FIT-3-282x300.jpeg 282w, https:\/\/883radiociudad.gob.ar\/wp-content\/uploads\/2022\/09\/FIT-3-768x817.jpeg 768w, https:\/\/883radiociudad.gob.ar\/wp-content\/uploads\/2022\/09\/FIT-3-scaled.jpeg 958w\" alt=\"\" width=\"282\" height=\"300\" data-srcset=\"https:\/\/883radiociudad.gob.ar\/wp-content\/uploads\/2022\/09\/FIT-3-282x300.jpeg 282w, https:\/\/883radiociudad.gob.ar\/wp-content\/uploads\/2022\/09\/FIT-3-768x817.jpeg 768w, https:\/\/883radiociudad.gob.ar\/wp-content\/uploads\/2022\/09\/FIT-3-scaled.jpeg 958w\" data-src=\"https:\/\/883radiociudad.gob.ar\/wp-content\/uploads\/2022\/09\/FIT-3-282x300.jpeg\" data-sizes=\"(max-width: 282px) 100vw, 282px\" \/><\/strong><\/p>\n<p>HORA<\/p>\n<p>14:30HS\u00a0\u00a0\u00a0\u00a0\u00a0\u00a0\u00a0\u00a0\u00a0\u00a0\u00a0\u00a0\u00a0\u00a0 \u00a0 \u00a0\u00a0\u00a0\u00a0\u00a0\u00a0\u00a0\u00a0\u00a0\u00a0\u00a0\u00a0\u00a0\u00a0\u00a0\u00a0\u00a0\u00a0\u00a0\u00a0Clase y Deg. \u201cChipa Soo\u201d Cocineros del Iber\u00e1<\/p>\n<p>16:00 HS Presentaci\u00f3n Ituzaing\u00f3\u00a0\u00a0\u00a0\u00a0\u00a0\u00a0\u00a0\u00a0\u00a0\u00a0\u00a0\u00a0\u00a0\u00a0 Degustaci\u00f3n \u201cMandiocas\u201d Cocineros del Iber\u00e1<\/p>\n<p>17:00HS Juegos\u00a0\u00a0\u00a0\u00a0\u00a0\u00a0\u00a0\u00a0\u00a0\u00a0\u00a0\u00a0\u00a0\u00a0\u00a0 \u00a0\u00a0\u00a0\u00a0 \u00a0\u00a0\u00a0\u00a0\u00a0\u00a0\u00a0\u00a0\u00a0\u00a0\u00a0\u00a0\u00a0\u00a0\u00a0\u00a0\u00a0Clase y Deg.\u201cTortas de ma\u00edz\u201d Cocineros del Iber\u00e1<\/p>\n<p>17:30 HS\u00a0\u00a0\u00a0\u00a0\u00a0\u00a0\u00a0\u00a0\u00a0\u00a0\u00a0\u00a0\u00a0\u00a0 \u00a0\u00a0\u00a0\u00a0\u00a0\u00a0\u00a0\u00a0\u00a0\u00a0\u00a0\u00a0\u00a0\u00a0\u00a0 \u00a0\u00a0\u00a0\u00a0\u00a0\u00a0\u00a0\u00a0 Degustaci\u00f3n \u201cCara Sucia\u201d Esquina\u00a0 \u2013 Presentaci\u00f3n Fiesta Nac. Del Chamam\u00e9 2023 A-CFT1<\/p>\n<p>18:00 HS\u00a0\u00a0\u00a0\u00a0\u00a0\u00a0\u00a0\u00a0\u00a0\u00a0\u00a0\u00a0\u00a0\u00a0 Presentaci\u00f3n Paso de la Patria Temporada de Verano<\/p>\n<p>18:30 HS\u00a0\u00a0\u00a0\u00a0\u00a0\u00a0\u00a0\u00a0\u00a0\u00a0\u00a0\u00a0\u00a0\u00a0 \u00a0\u00a0\u00a0\u00a0\u00a0\u00a0\u00a0\u00a0\u00a0\u00a0\u00a0\u00a0\u00a0\u00a0\u00a0 \u00a0\u00a0\u00a0\u00a0\u00a0\u00a0\u00a0\u00a0\u00a0\u00a0\u00a0\u00a0\u00a0\u00a0\u00a0\u00a0\u00a0\u00a0\u00a0\u00a0\u00a0\u00a0\u00a0\u00a0\u00a0\u00a0\u00a0\u00a0\u00a0\u00a0\u00a0\u00a0\u00a0\u00a0\u00a0\u00a0\u00a0\u00a0\u00a0\u00a0\u00a0\u00a0\u00a0\u00a0\u00a0\u00a0\u00a0 Espect\u00e1culo de Chamam\u00e9\u00a0 \u00a0 \u00a0 \u00a0 \u00a0<strong><img loading=\"lazy\" decoding=\"async\" class=\"size-medium wp-image-25944 alignright lazyloaded\" src=\"https:\/\/883radiociudad.gob.ar\/wp-content\/uploads\/2022\/09\/FIT-282x300.jpeg\" sizes=\"auto, (max-width: 282px) 100vw, 282px\" srcset=\"https:\/\/883radiociudad.gob.ar\/wp-content\/uploads\/2022\/09\/FIT-282x300.jpeg 282w, https:\/\/883radiociudad.gob.ar\/wp-content\/uploads\/2022\/09\/FIT-768x817.jpeg 768w, https:\/\/883radiociudad.gob.ar\/wp-content\/uploads\/2022\/09\/FIT-scaled.jpeg 958w\" alt=\"\" width=\"282\" height=\"300\" data-srcset=\"https:\/\/883radiociudad.gob.ar\/wp-content\/uploads\/2022\/09\/FIT-282x300.jpeg 282w, https:\/\/883radiociudad.gob.ar\/wp-content\/uploads\/2022\/09\/FIT-768x817.jpeg 768w, https:\/\/883radiociudad.gob.ar\/wp-content\/uploads\/2022\/09\/FIT-scaled.jpeg 958w\" data-src=\"https:\/\/883radiociudad.gob.ar\/wp-content\/uploads\/2022\/09\/FIT-282x300.jpeg\" data-sizes=\"(max-width: 282px) 100vw, 282px\" \/><\/strong><\/p>\n<p>19:00 HS\u00a0\u00a0\u00a0\u00a0\u00a0\u00a0\u00a0\u00a0\u00a0\u00a0\u00a0\u00a0\u00a0\u00a0 Juegos\u00a0 \u00a0\u00a0\u00a0\u00a0\u00a0\u00a0\u00a0\u00a0\u00a0\u00a0 Degustaci\u00f3n \u201cChipa\u201d Cocineros del Iber\u00e1<\/p>\n<p>19:15 HS\u00a0\u00a0\u00a0\u00a0\u00a0\u00a0\u00a0\u00a0\u00a0\u00a0\u00a0\u00a0\u00a0\u00a0\u00a0\u00a0\u00a0\u00a0\u00a0\u00a0\u00a0\u00a0\u00a0\u00a0\u00a0\u00a0\u00a0\u00a0\u00a0\u00a0 \u00a0\u00a0\u00a0\u00a0\u00a0\u00a0\u00a0\u00a0\u00a0\u00a0 Degustaci\u00f3n \u201cCerveza Sativa\u201d<\/p>\n<p>19:30 HS\u00a0\u00a0\u00a0\u00a0\u00a0\u00a0\u00a0\u00a0\u00a0\u00a0\u00a0\u00a0\u00a0\u00a0 \u00a0\u00a0\u00a0\u00a0\u00a0\u00a0\u00a0\u00a0\u00a0\u00a0\u00a0\u00a0\u00a0\u00a0\u00a0 \u00a0\u00a0\u00a0\u00a0\u00a0\u00a0\u00a0\u00a0\u00a0\u00a0 Degustaci\u00f3n \u201cRep.Aparte\u201d<\/p>\n<p>20:00 HS Espect\u00e1culo de Chamam\u00e9\u00a0 Degustaci\u00f3n Anguy\u00e1 Cocineros del Iber\u00e1<\/p>\n<p><strong>LUNES 3\/10<\/strong><\/p>\n<p>HORA<\/p>\n<p><strong><img loading=\"lazy\" decoding=\"async\" class=\"size-medium wp-image-25948 alignright lazyloaded\" src=\"https:\/\/883radiociudad.gob.ar\/wp-content\/uploads\/2022\/09\/FIT-1-263x300.jpeg\" sizes=\"auto, (max-width: 263px) 100vw, 263px\" srcset=\"https:\/\/883radiociudad.gob.ar\/wp-content\/uploads\/2022\/09\/FIT-1-263x300.jpeg 263w, https:\/\/883radiociudad.gob.ar\/wp-content\/uploads\/2022\/09\/FIT-1-768x876.jpeg 768w, https:\/\/883radiociudad.gob.ar\/wp-content\/uploads\/2022\/09\/FIT-1-scaled.jpeg 894w\" alt=\"\" width=\"263\" height=\"300\" data-srcset=\"https:\/\/883radiociudad.gob.ar\/wp-content\/uploads\/2022\/09\/FIT-1-263x300.jpeg 263w, https:\/\/883radiociudad.gob.ar\/wp-content\/uploads\/2022\/09\/FIT-1-768x876.jpeg 768w, https:\/\/883radiociudad.gob.ar\/wp-content\/uploads\/2022\/09\/FIT-1-scaled.jpeg 894w\" data-src=\"https:\/\/883radiociudad.gob.ar\/wp-content\/uploads\/2022\/09\/FIT-1-263x300.jpeg\" data-sizes=\"(max-width: 263px) 100vw, 263px\" \/><\/strong><\/p>\n<p>14:30 HS\u00a0\u00a0\u00a0\u00a0\u00a0\u00a0\u00a0\u00a0\u00a0\u00a0\u00a0\u00a0\u00a0\u00a0 \u00a0\u00a0\u00a0\u00a0\u00a0\u00a0\u00a0\u00a0\u00a0\u00a0\u00a0\u00a0\u00a0\u00a0 Degustaci\u00f3n \u201cMbaypi\u201d Cocineros del Iber\u00e1 Presentaci\u00f3n Caminos de los Jesuitas A-CFT1<\/p>\n<p>16:30 HS\u00a0\u00a0\u00a0\u00a0\u00a0\u00a0\u00a0\u00a0\u00a0\u00a0\u00a0\u00a0\u00a0\u00a0 \u00a0\u00a0\u00a0\u00a0\u00a0\u00a0\u00a0\u00a0\u00a0\u00a0\u00a0\u00a0\u00a0\u00a0 Degustaci\u00f3n Cocineros del Iber\u00e1<\/p>\n<p>17:30HS<\/p>\n<p>18:00 HS\u00a0\u00a0\u00a0\u00a0\u00a0\u00a0\u00a0\u00a0\u00a0\u00a0\u00a0\u00a0\u00a0\u00a0 \u00a0\u00a0\u00a0\u00a0\u00a0\u00a0\u00a0\u00a0\u00a0\u00a0\u00a0\u00a0\u00a0\u00a0 Deg. Mermeladas y Chipa Cocineros del Iber\u00e1<\/p>\n<p>\u2013\u00a0\u00a0\u00a0\u00a0\u00a0\u00a0\u00a0\u00a0\u00a0\u00a0\u00a0\u00a0\u00a0 \u00a0\u00a0\u00a0\u00a0\u00a0\u00a0\u00a0\u00a0\u00a0\u00a0\u00a0\u00a0\u00a0\u00a0\u00a0 Deg. Croquetas Corderos Cocineros del Iber\u00e1<\/p>\n<p>Degustaci\u00f3n Cocineros del Iber\u00e1<\/p>\n<p><strong>MARTES 4\/10<\/strong><\/p>\n<p>HORA\u00a0\u00a0\u00a0 STAND\u00a0 SECTOR GASTRONOM\u00cdA\u00a0\u00a0\u00a0\u00a0\u00a0\u00a0\u00a0\u00a0\u00a0\u00a0\u00a0\u00a0\u00a0 ESCENARIO EXTERNO\u00a0\u00a0\u00a0 AUDITORIOS<\/p>\n<p>11:30 HS\u00a0\u00a0\u00a0\u00a0\u00a0\u00a0\u00a0\u00a0\u00a0\u00a0\u00a0\u00a0\u00a0\u00a0 Presentaci\u00f3n Gran Corrientes, el verano m\u00e1s largo de Arg. A-CFT1<strong><img loading=\"lazy\" decoding=\"async\" class=\"size-medium wp-image-25946 alignright lazyloaded\" src=\"https:\/\/883radiociudad.gob.ar\/wp-content\/uploads\/2022\/09\/FIT-4-282x300.jpeg\" sizes=\"auto, (max-width: 282px) 100vw, 282px\" srcset=\"https:\/\/883radiociudad.gob.ar\/wp-content\/uploads\/2022\/09\/FIT-4-282x300.jpeg 282w, https:\/\/883radiociudad.gob.ar\/wp-content\/uploads\/2022\/09\/FIT-4-768x817.jpeg 768w, https:\/\/883radiociudad.gob.ar\/wp-content\/uploads\/2022\/09\/FIT-4-scaled.jpeg 958w\" alt=\"\" width=\"282\" height=\"300\" data-srcset=\"https:\/\/883radiociudad.gob.ar\/wp-content\/uploads\/2022\/09\/FIT-4-282x300.jpeg 282w, https:\/\/883radiociudad.gob.ar\/wp-content\/uploads\/2022\/09\/FIT-4-768x817.jpeg 768w, https:\/\/883radiociudad.gob.ar\/wp-content\/uploads\/2022\/09\/FIT-4-scaled.jpeg 958w\" data-src=\"https:\/\/883radiociudad.gob.ar\/wp-content\/uploads\/2022\/09\/FIT-4-282x300.jpeg\" data-sizes=\"(max-width: 282px) 100vw, 282px\" \/><\/strong><\/p>\n<p>14:30 HS\u00a0\u00a0\u00a0\u00a0\u00a0\u00a0\u00a0\u00a0\u00a0\u00a0\u00a0\u00a0\u00a0\u00a0 \u00a0\u00a0\u00a0\u00a0\u00a0\u00a0\u00a0\u00a0\u00a0\u00a0\u00a0\u00a0\u00a0\u00a0\u00a0 Deg. \u201cEmpanadas\u201d Cocineros del Iber\u00e1<\/p>\n<p>16:30 HS\u00a0\u00a0\u00a0\u00a0\u00a0\u00a0\u00a0\u00a0\u00a0\u00a0\u00a0\u00a0\u00a0\u00a0 \u00a0\u00a0\u00a0\u00a0\u00a0\u00a0\u00a0\u00a0\u00a0\u00a0\u00a0\u00a0\u00a0\u00a0\u00a0 Degustaci\u00f3n \u201cchipa\u201d Cocineros del Iber\u00e1<\/p>\n<p>18:30 HS\u00a0\u00a0\u00a0\u00a0\u00a0\u00a0\u00a0\u00a0\u00a0\u00a0\u00a0\u00a0\u00a0\u00a0 \u00a0\u00a0\u00a0\u00a0\u00a0\u00a0\u00a0\u00a0\u00a0\u00a0\u00a0\u00a0\u00a0\u00a0\u00a0 Deg. \u201cChicharr\u00f3n\u201d Cocineros del Iber\u00e1\u00a0 \u2013<\/p>\n<div class=\"at-below-post addthis_tool\" data-url=\"https:\/\/883radiociudad.gob.ar\/feria-internacional-de-turismo-2022\/\" data-title=\"FERIA INTERNACIONAL DE TURISMO 2022 - 88.3 Radio Ciudad\" data-description=\"FERIA INTERNACIONAL DE TURISMO 2022 CRONOGRAMA DE ACTIVIDADES: S\u00c1BADO 1\/10\u00a0\u00a0 12:00\u00a0\u00a0\u00a0\u00a0 INAUGURACI\u00d3N \u2013 CORTE DE...\">\n<div id=\"atstbx2\" class=\"at-resp-share-element at-style-responsive addthis-smartlayers addthis-animated at4-show\" role=\"region\" aria-labelledby=\"at-ba8b2959-f55e-4818-89b0-f593fcf11ed0\"><span id=\"at-ba8b2959-f55e-4818-89b0-f593fcf11ed0\" class=\"at4-visually-hidden\"><\/span><\/p>\n<div class=\"at-share-btn-elements\"><\/div>\n<\/div>\n<\/div>\n","protected":false},"excerpt":{"rendered":"<p>CRONOGRAMA DE ACTIVIDADES: S\u00c1BADO 1\/10\u00a0\u00a0 12:00\u00a0\u00a0\u00a0\u00a0 INAUGURACI\u00d3N \u2013 CORTE DE CINTA CON AUTORIDADES 14:00\u00a0\u00a0\u00a0\u00a0 APERTURA AL P\u00daBLICO HORA 15:00HS\u00a0\u00a0\u00a0\u00a0\u00a0\u00a0\u00a0\u00a0\u00a0\u00a0\u00a0\u00a0\u00a0\u00a0 \u2013\u00a0\u00a0\u00a0\u00a0\u00a0\u00a0\u00a0\u00a0\u00a0\u00a0\u00a0\u00a0\u00a0 Clase y Degustaci\u00f3n \u201cMbeju\u201d \u201cCocineros del Iber\u00e1\u201d\u00a0\u00a0\u00a0\u00a0\u00a0\u00a0 \u2013\u00a0\u00a0\u00a0\u00a0\u00a0\u00a0\u00a0\u00a0\u00a0\u00a0\u00a0\u00a0\u00a0 \u2013 15:30HS\u00a0\u00a0\u00a0\u00a0\u00a0\u00a0\u00a0\u00a0\u00a0\u00a0\u00a0\u00a0\u00a0\u00a0\u00a0\u00a0\u00a0\u00a0\u00a0\u00a0\u00a0\u00a0\u00a0\u00a0\u00a0\u00a0\u00a0\u00a0\u00a0\u00a0 \u2013\u00a0\u00a0\u00a0\u00a0\u00a0\u00a0\u00a0\u00a0\u00a0\u00a0\u00a0\u00a0\u00a0 \u2013\u00a0\u00a0\u00a0\u00a0\u00a0\u00a0\u00a0\u00a0\u00a0\u00a0\u00a0\u00a0\u00a0 \u2013 16:00 HS\u00a0\u00a0\u00a0\u00a0\u00a0\u00a0\u00a0\u00a0\u00a0\u00a0\u00a0\u00a0\u00a0\u00a0 \u2013\u00a0\u00a0\u00a0\u00a0\u00a0\u00a0\u00a0\u00a0\u00a0\u00a0\u00a0\u00a0\u00a0 Degustaci\u00f3n \u201cCara Sucia\u201d Esquina\u00a0\u00a0\u00a0\u00a0\u00a0\u00a0\u00a0\u00a0\u00a0\u00a0 \u2013\u00a0\u00a0\u00a0\u00a0\u00a0\u00a0\u00a0\u00a0\u00a0\u00a0\u00a0\u00a0\u00a0 \u2013 16:15HS\u00a0\u00a0\u00a0\u00a0\u00a0\u00a0\u00a0\u00a0\u00a0\u00a0\u00a0\u00a0\u00a0\u00a0 Juegos\u00a0 \u2013\u00a0\u00a0\u00a0\u00a0\u00a0\u00a0\u00a0\u00a0\u00a0\u00a0\u00a0\u00a0\u00a0 \u2013\u00a0\u00a0\u00a0\u00a0\u00a0\u00a0\u00a0\u00a0\u00a0\u00a0\u00a0\u00a0\u00a0 \u2013 16:30 HS\u00a0\u00a0\u00a0\u00a0\u00a0\u00a0\u00a0\u00a0\u00a0\u00a0\u00a0\u00a0\u00a0\u00a0 \u2013\u00a0\u00a0\u00a0\u00a0\u00a0\u00a0\u00a0\u00a0\u00a0\u00a0\u00a0\u00a0\u00a0 \u2013\u00a0\u00a0\u00a0\u00a0\u00a0\u00a0\u00a0\u00a0\u00a0\u00a0\u00a0\u00a0\u00a0 Espect\u00e1culo Carnaval\u00a0\u00a0\u00a0\u00a0 \u2013 17:00 [&hellip;]<\/p>\n","protected":false},"author":2,"featured_media":8716,"comment_status":"closed","ping_status":"closed","sticky":false,"template":"","format":"standard","meta":{"footnotes":""},"categories":[73],"tags":[],"class_list":{"0":"post-8715","1":"post","2":"type-post","3":"status-publish","4":"format-standard","5":"has-post-thumbnail","7":"category-turismo"},"_links":{"self":[{"href":"https:\/\/radiobitacora.com.ar\/web\/wp-json\/wp\/v2\/posts\/8715","targetHints":{"allow":["GET"]}}],"collection":[{"href":"https:\/\/radiobitacora.com.ar\/web\/wp-json\/wp\/v2\/posts"}],"about":[{"href":"https:\/\/radiobitacora.com.ar\/web\/wp-json\/wp\/v2\/types\/post"}],"author":[{"embeddable":true,"href":"https:\/\/radiobitacora.com.ar\/web\/wp-json\/wp\/v2\/users\/2"}],"replies":[{"embeddable":true,"href":"https:\/\/radiobitacora.com.ar\/web\/wp-json\/wp\/v2\/comments?post=8715"}],"version-history":[{"count":0,"href":"https:\/\/radiobitacora.com.ar\/web\/wp-json\/wp\/v2\/posts\/8715\/revisions"}],"wp:featuredmedia":[{"embeddable":true,"href":"https:\/\/radiobitacora.com.ar\/web\/wp-json\/wp\/v2\/media\/8716"}],"wp:attachment":[{"href":"https:\/\/radiobitacora.com.ar\/web\/wp-json\/wp\/v2\/media?parent=8715"}],"wp:term":[{"taxonomy":"category","embeddable":true,"href":"https:\/\/radiobitacora.com.ar\/web\/wp-json\/wp\/v2\/categories?post=8715"},{"taxonomy":"post_tag","embeddable":true,"href":"https:\/\/radiobitacora.com.ar\/web\/wp-json\/wp\/v2\/tags?post=8715"}],"curies":[{"name":"wp","href":"https:\/\/api.w.org\/{rel}","templated":true}]}}