{"id":8730,"date":"2022-09-30T16:12:07","date_gmt":"2022-09-30T19:12:07","guid":{"rendered":"https:\/\/radiobitacora.com.ar\/web\/?p=8730"},"modified":"2022-09-30T16:12:07","modified_gmt":"2022-09-30T19:12:07","slug":"colapso-el-techo-del-estadio-de-colo-colo-aun-no-se-sabe-cuantos-son-los-hinchas-heridos","status":"publish","type":"post","link":"https:\/\/radiobitacora.com.ar\/web\/2022\/09\/30\/colapso-el-techo-del-estadio-de-colo-colo-aun-no-se-sabe-cuantos-son-los-hinchas-heridos\/","title":{"rendered":"Colaps\u00f3 el techo del estadio de Colo-Colo: a\u00fan no se sabe cu\u00e1ntos son los hinchas heridos"},"content":{"rendered":"<p>El techo de la tribuna Cordillera del Estadio Monumental de Colo-Colo de Chile se derrumb\u00f3 este viernes y provoc\u00f3 un n\u00famero todav\u00eda indeterminado de heridos\u00a0<strong>durante una pr\u00e1ctica abierta para el p\u00fablico en la previa del cl\u00e1sico ante Universidad Cat\u00f3lica<\/strong>, programado para este domingo por la liga local.<\/p>\n<blockquote id=\"v73741151568228780\" class=\"tiktok-embed\" cite=\"https:\/\/www.tiktok.com\/@agenciatelam\/video\/7149214433628146949\" data-video-id=\"7149214433628146949\"><p><iframe src=\"https:\/\/www.tiktok.com\/embed\/v2\/7149214433628146949?lang=es-ES&amp;referrer=https%3A%2F%2Fwww.telam.com.ar%2Fnotas%2F202209%2F606440-colapso-techo-estadio-colo-colo.html\" name=\"__tt_embed__v73741151568228780\" sandbox=\"allow-popups allow-popups-to-escape-sandbox allow-scripts allow-top-navigation allow-same-origin\" data-mce-fragment=\"1\"><\/iframe><\/p><\/blockquote>\n<p><strong>La estructura colaps\u00f3 por la presencia indebida de un considerable grupo de simpatizantes<\/strong>\u00a0mientras una multitud ubicada en la grada daba su aliento al equipo dirigido por el argentino Gustavo Quintero.<\/p>\n<p>Los primeros informes extraoficiales, publicados por los diarios locales La Tercera y El Mercurio, indican la existencia de al menos diez heridos.<\/p>\n<p>Al lugar concurrieron los Bomberos y veh\u00edculos del Servicio de Atenci\u00f3n M\u00e9dica Urgente (SAMU) para asistir a las personas lastimadas. &#8220;En forma preliminar se est\u00e1n evaluando por parte de personal SAMU a cuatro personas que tendr\u00edan lesiones, nadie de gravedad&#8221;, se\u00f1alaron fuentes de la polic\u00eda de Santiago citadas por la prensa local.<\/p>\n<p>Colo-Colo, l\u00edder del torneo chileno con 11 puntos de ventaja, recibir\u00e1 este domingo desde las 15:00 a Universidad Cat\u00f3lica en un partido de la 26ta. fecha que puede marcar su coronaci\u00f3n en caso de ganar y que no lo hagan sus escoltas Coric\u00f3 Unido y \u00d1ublense.<\/p>\n<figure class=\"mb-3\"><img decoding=\"async\" src=\"https:\/\/www.telam.com.ar\/thumbs\/bluesteel\/advf\/imagenes\/2022\/09\/63373777a008d_900.jpg\" alt=\"ColoColo lder del torneo chileno con 11 puntos de ventaja recibir este domingo desde las 1500 a Universidad Catlica\" width=\"100%\" height=\"100%\" \/><\/p>\n<div class=\"media-icons\"><\/div><figcaption>Colo-Colo, l\u00edder del torneo chileno con 11 puntos de ventaja, recibir\u00e1 este domingo desde las 15:00 a Universidad Cat\u00f3lica.<\/figcaption><\/figure>\n","protected":false},"excerpt":{"rendered":"<p>El techo de la tribuna Cordillera del Estadio Monumental de Colo-Colo de Chile se derrumb\u00f3 este viernes y provoc\u00f3 un n\u00famero todav\u00eda indeterminado de heridos\u00a0durante una pr\u00e1ctica abierta para el p\u00fablico en la previa del cl\u00e1sico ante Universidad Cat\u00f3lica, programado para este domingo por la liga local. La estructura colaps\u00f3 por la presencia indebida de [&hellip;]<\/p>\n","protected":false},"author":2,"featured_media":8731,"comment_status":"closed","ping_status":"closed","sticky":false,"template":"","format":"standard","meta":{"footnotes":""},"categories":[78],"tags":[],"class_list":{"0":"post-8730","1":"post","2":"type-post","3":"status-publish","4":"format-standard","5":"has-post-thumbnail","7":"category-deportes"},"_links":{"self":[{"href":"https:\/\/radiobitacora.com.ar\/web\/wp-json\/wp\/v2\/posts\/8730","targetHints":{"allow":["GET"]}}],"collection":[{"href":"https:\/\/radiobitacora.com.ar\/web\/wp-json\/wp\/v2\/posts"}],"about":[{"href":"https:\/\/radiobitacora.com.ar\/web\/wp-json\/wp\/v2\/types\/post"}],"author":[{"embeddable":true,"href":"https:\/\/radiobitacora.com.ar\/web\/wp-json\/wp\/v2\/users\/2"}],"replies":[{"embeddable":true,"href":"https:\/\/radiobitacora.com.ar\/web\/wp-json\/wp\/v2\/comments?post=8730"}],"version-history":[{"count":0,"href":"https:\/\/radiobitacora.com.ar\/web\/wp-json\/wp\/v2\/posts\/8730\/revisions"}],"wp:featuredmedia":[{"embeddable":true,"href":"https:\/\/radiobitacora.com.ar\/web\/wp-json\/wp\/v2\/media\/8731"}],"wp:attachment":[{"href":"https:\/\/radiobitacora.com.ar\/web\/wp-json\/wp\/v2\/media?parent=8730"}],"wp:term":[{"taxonomy":"category","embeddable":true,"href":"https:\/\/radiobitacora.com.ar\/web\/wp-json\/wp\/v2\/categories?post=8730"},{"taxonomy":"post_tag","embeddable":true,"href":"https:\/\/radiobitacora.com.ar\/web\/wp-json\/wp\/v2\/tags?post=8730"}],"curies":[{"name":"wp","href":"https:\/\/api.w.org\/{rel}","templated":true}]}}